{"id":55030,"date":"2026-08-27T07:04:00","date_gmt":"2026-08-27T05:04:00","guid":{"rendered":"https:\/\/mvz-sports.com\/fr\/?p=55030"},"modified":"2026-08-27T02:07:09","modified_gmt":"2026-08-27T00:07:09","slug":"toulouse-va-perdre-francois-cros-annonce-a-lyon-pour-trois-saisons-apres-ramos-un-autre-cadre-quitte-la-maison-rouge-et-noir","status":"publish","type":"post","link":"https:\/\/mvz-sports.com\/fr\/rugby\/news\/toulouse-va-perdre-francois-cros-annonce-a-lyon-pour-trois-saisons-apres-ramos-un-autre-cadre-quitte-la-maison-rouge-et-noir","title":{"rendered":"Toulouse va perdre Fran\u00e7ois Cros : annonc\u00e9 \u00e0 Lyon pour trois saisons apr\u00e8s Ramos un autre cadre quitte la maison rouge et noir"},"content":{"rendered":"\n<p class=\"wp-block-paragraph\"><strong>Apr\u00e8s Thomas Ramos, Fran\u00e7ois Cros est annonc\u00e9 sur le d\u00e9part : pour Toulouse, perdre deux cadres aussi identitaires raconte autre chose qu&rsquo;une simple ligne de mercato.<\/strong><\/p>\n\n\n\n<p class=\"wp-block-paragraph\">Midi Olympique rapporte que <strong>Fran\u00e7ois Cros<\/strong> s&rsquo;est engag\u00e9 pour trois saisons avec le <strong>LOU<\/strong>. Le troisi\u00e8me ligne international du Stade toulousain rejoindrait Lyon \u00e0 l&rsquo;issue de la Coupe du monde 2027 de <strong><a href=\"https:\/\/mvz-sports.com\/fr\/rugby\">rugby<\/a><\/strong>, organis\u00e9e en Australie.<\/p>\n\n\n\n<p class=\"wp-block-paragraph\">Pris seul, ce mouvement serait d\u00e9j\u00e0 lourd. Ajout\u00e9 au d\u00e9part annonc\u00e9 de <strong>Thomas Ramos<\/strong> vers le <strong>Racing 92<\/strong> \u00e0 l&rsquo;issue de la saison 2026-2027, il donne une autre lecture de la p\u00e9riode toulousaine. Le Stade toulousain ne perdrait pas seulement deux noms forts. Il verrait sortir deux rep\u00e8res de son vestiaire r\u00e9cent.<\/p>\n\n\n\n<h2 class=\"wp-block-heading\">Fran\u00e7ois Cros, un d\u00e9part qui touche le c\u0153ur du Stade toulousain<\/h2>\n\n\n\n<p class=\"wp-block-paragraph\"><a href=\"https:\/\/mvz-sports.com\/fr\/rugby\/players\/francois-cros\">Fran\u00e7ois Cros<\/a> n&rsquo;est pas un joueur de passage \u00e0 Toulouse. Arriv\u00e9 au centre de formation en 2009, il n&rsquo;a connu qu&rsquo;un seul club professionnel. Cette trajectoire compte dans la port\u00e9e du dossier.<\/p>\n\n\n\n<p class=\"wp-block-paragraph\">\u00c0 32 ans, le troisi\u00e8me ligne totalise 44 s\u00e9lections avec le XV de France, selon Midi Olympique. Son profil est aussi clair que pr\u00e9cieux : activit\u00e9 dans les zones de combat, volume de jeu, r\u00e9gularit\u00e9, pr\u00e9sence dans les grands rendez-vous.<\/p>\n\n\n\n<p class=\"wp-block-paragraph\">La source principale rappelle surtout un marqueur fort : Cros a \u00e9t\u00e9 titulaire lors des huit finales remport\u00e9es par le Stade toulousain depuis 2019. Ce chiffre r\u00e9sume son poids mieux qu&rsquo;un long portrait. Dans une \u00e9quipe habitu\u00e9e aux titres, il faisait partie des joueurs que l&rsquo;on retrouvait quand la saison se jouait vraiment.<\/p>\n\n\n\n<p class=\"wp-block-paragraph\">TF1 Info ajoute un autre \u00e9l\u00e9ment de parcours : Cros avait d\u00e9j\u00e0 \u00e9t\u00e9 capitaine des U20 fran\u00e7ais lors du Grand Chelem 2014. Sa fiche lui attribue aussi cinq Brennus et deux Champions Cup avec Toulouse. Le d\u00e9part annonc\u00e9 vers Lyon ne concerne donc pas un cadre secondaire, mais un joueur li\u00e9 \u00e0 toute la s\u00e9quence dor\u00e9e r\u00e9cente du club.<\/p>\n\n\n\n<h2 class=\"wp-block-heading\">Apr\u00e8s Ramos, Toulouse perdrait deux symboles du m\u00eame cycle<\/h2>\n\n\n\n<p class=\"wp-block-paragraph\">Le parall\u00e8le avec <a href=\"https:\/\/mvz-sports.com\/fr\/rugby\/players\/thomas-ramos\">Thomas Ramos<\/a> change la lecture. Ramos a annonc\u00e9 son d\u00e9part vers le Racing 92 \u00e0 l&rsquo;issue de la saison 2026-2027. Cros, lui, est annonc\u00e9 au LOU pour trois saisons apr\u00e8s la Coupe du monde 2027. Deux trajectoires distinctes, mais un m\u00eame effet d&rsquo;image : Toulouse commence \u00e0 voir partir des joueurs qui incarnaient sa domination.<\/p>\n\n\n\n<p class=\"wp-block-paragraph\">Ce n&rsquo;est pas le volume brut des d\u00e9parts qui frappe. C&rsquo;est leur nature. Ramos repr\u00e9sente une part de l&rsquo;identit\u00e9 offensive, du jeu au pied, de la gestion et de l&rsquo;audace rouge et noir. Cros, lui, symbolise la stabilit\u00e9, le combat, la constance des phases finales.<\/p>\n\n\n\n<p class=\"wp-block-paragraph\">Dans un club comme Toulouse, les d\u00e9parts sont souvent absorb\u00e9s par la profondeur d&rsquo;effectif et la formation. Mais perdre coup sur coup des cadres aussi install\u00e9s oblige \u00e0 regarder la suite autrement. Le club garde une base immense, des jeunes, des internationaux, une culture de la gagne. La bascule se joue plut\u00f4t dans l&rsquo;\u00e9quilibre du groupe et dans la transmission entre g\u00e9n\u00e9rations.<\/p>\n\n\n\n<h2 class=\"wp-block-heading\">Le salary cap force Toulouse \u00e0 choisir<\/h2>\n\n\n\n<p class=\"wp-block-paragraph\">La situation contractuelle de <strong>Cros<\/strong> \u00e9claire le dossier. Son bail avec le Stade toulousain arrive \u00e0 \u00e9ch\u00e9ance en juin 2027. Midi Olympique indique que Toulouse souhaitait initialement conserver son troisi\u00e8me ligne, mais que le cadre \u00e9conomique a pes\u00e9 lourd.<\/p>\n\n\n\n<p class=\"wp-block-paragraph\">Le salary cap limite les marges. La baisse prochaine des cr\u00e9dits accord\u00e9s aux internationaux fran\u00e7ais complique encore le dossier pour un effectif aussi riche en joueurs du <strong>XV de France<\/strong>. Toulouse aurait donc \u00e9t\u00e9 contraint de revoir \u00e0 la baisse certaines propositions faites \u00e0 ses joueurs trentenaires.<\/p>\n\n\n\n<p class=\"wp-block-paragraph\">Dans ce contexte, la perspective d&rsquo;un dernier contrat long et plus avantageux ailleurs a pes\u00e9 pour Cros. Lyon a d\u00e9gain\u00e9 le premier, Montpellier a tent\u00e9 de revenir, mais le LOU aurait finalement remport\u00e9 la mise. Pour le club de la famille Ginon, l&rsquo;op\u00e9ration envoie aussi un message : attirer un cadre toulousain de ce niveau, c&rsquo;est afficher des ambitions nettes en <a href=\"https:\/\/mvz-sports.com\/fr\/rugby\/competitions\/top-14\">Top 14<\/a> comme en Champions Cup.<\/p>\n\n\n\n<p class=\"wp-block-paragraph\">Pour Toulouse, le sujet d\u00e9passe le cas Cros. La maison rouge et noir reste puissante, mais elle entre dans une phase o\u00f9 chaque prolongation de cadre co\u00fbte plus cher sportivement et symboliquement. Apr\u00e8s Ramos, le d\u00e9part annonc\u00e9 de Cros donne un relief nouveau \u00e0 cette \u00e9quation. La fin d&rsquo;un cycle ne veut pas dire la fin d&rsquo;une domination. Elle commence souvent comme cela : par des choix contraints, puis par des visages qui changent.<\/p>\n\n\n\n<p class=\"wp-block-paragraph\"><\/p>\n","protected":false},"excerpt":{"rendered":"<p>Apr\u00e8s Thomas Ramos, Fran\u00e7ois Cros est annonc\u00e9 sur le d\u00e9part : pour Toulouse, perdre deux cadres aussi identitaires raconte autre chose qu&rsquo;une simple ligne de mercato. Midi Olympique rapporte que Fran\u00e7ois Cros s&rsquo;est engag\u00e9 pour trois saisons avec le LOU. Le troisi\u00e8me ligne international du Stade toulousain rejoindrait Lyon \u00e0 l&rsquo;issue de la Coupe du [&hellip;]<\/p>\n","protected":false},"author":2,"featured_media":55033,"comment_status":"open","ping_status":"open","sticky":false,"template":"","format":"standard","meta":{"_acf_changed":false,"_seopress_robots_primary_cat":"none","_seopress_titles_title":"","_seopress_titles_desc":"","_seopress_robots_index":"","footnotes":""},"categories":[7],"tags":[],"class_list":["post-55030","post","type-post","status-publish","format-standard","has-post-thumbnail","hentry","category-rugby"],"acf":[],"_links":{"self":[{"href":"https:\/\/mvz-sports.com\/fr\/wp-json\/wp\/v2\/posts\/55030","targetHints":{"allow":["GET"]}}],"collection":[{"href":"https:\/\/mvz-sports.com\/fr\/wp-json\/wp\/v2\/posts"}],"about":[{"href":"https:\/\/mvz-sports.com\/fr\/wp-json\/wp\/v2\/types\/post"}],"author":[{"embeddable":true,"href":"https:\/\/mvz-sports.com\/fr\/wp-json\/wp\/v2\/users\/2"}],"replies":[{"embeddable":true,"href":"https:\/\/mvz-sports.com\/fr\/wp-json\/wp\/v2\/comments?post=55030"}],"version-history":[{"count":2,"href":"https:\/\/mvz-sports.com\/fr\/wp-json\/wp\/v2\/posts\/55030\/revisions"}],"predecessor-version":[{"id":55035,"href":"https:\/\/mvz-sports.com\/fr\/wp-json\/wp\/v2\/posts\/55030\/revisions\/55035"}],"wp:featuredmedia":[{"embeddable":true,"href":"https:\/\/mvz-sports.com\/fr\/wp-json\/wp\/v2\/media\/55033"}],"wp:attachment":[{"href":"https:\/\/mvz-sports.com\/fr\/wp-json\/wp\/v2\/media?parent=55030"}],"wp:term":[{"taxonomy":"category","embeddable":true,"href":"https:\/\/mvz-sports.com\/fr\/wp-json\/wp\/v2\/categories?post=55030"},{"taxonomy":"post_tag","embeddable":true,"href":"https:\/\/mvz-sports.com\/fr\/wp-json\/wp\/v2\/tags?post=55030"}],"curies":[{"name":"wp","href":"https:\/\/api.w.org\/{rel}","templated":true}]}}