{"id":55058,"date":"2026-08-27T16:15:00","date_gmt":"2026-08-27T14:15:00","guid":{"rendered":"https:\/\/mvz-sports.com\/fr\/?p=55058"},"modified":"2026-08-27T07:19:20","modified_gmt":"2026-08-27T05:19:20","slug":"seixas-il-a-trois-ans-davance-tout-le-monde-voit-pogacar-intouchable-mais-la-phrase-de-pineau-installe-deja-le-futur-duel-sur-les-tours","status":"publish","type":"post","link":"https:\/\/mvz-sports.com\/fr\/cyclisme\/news\/seixas-il-a-trois-ans-davance-tout-le-monde-voit-pogacar-intouchable-mais-la-phrase-de-pineau-installe-deja-le-futur-duel-sur-les-tours","title":{"rendered":"\u00ab Seixas, il a trois ans d&rsquo;avance \u00bb : tout le monde voit Pogacar intouchable mais la phrase de Pineau installe d\u00e9j\u00e0 le futur duel sur les Tours"},"content":{"rendered":"\n<p class=\"wp-block-paragraph\"><strong>J\u00e9r\u00f4me Pineau n&rsquo;a pas annonc\u00e9 la chute de Tadej Pogacar, mais sa phrase sur Paul Seixas donne d\u00e9j\u00e0 un cadre au duel auquel le cyclisme fran\u00e7ais assistera sur les prochains Tours.<\/strong><\/p>\n\n\n\n<p class=\"wp-block-paragraph\">Dans le&nbsp;<em>Super Moscato Show<\/em>&nbsp;sur RMC, l&rsquo;ancien coureur a choisi une formule qui marque : \u00ab Seixas, il a trois ans d&rsquo;avance \u00bb. Une phrase courte, mais lourde pour un coureur de 19 ans encore en pleine construction.<\/p>\n\n\n\n<p class=\"wp-block-paragraph\">Le fond du propos reste prudent. Pineau ne promet pas que <strong>Paul Seixas<\/strong> va battre Tadej Pogacar d\u00e8s la prochaine saison. Il installe autre chose : l&rsquo;id\u00e9e que le Fran\u00e7ais poss\u00e8de d\u00e9j\u00e0 assez de marge pour r\u00e9duire l&rsquo;\u00e9cart avec la r\u00e9f\u00e9rence actuelle des grands Tours.<\/p>\n\n\n\n<h2 class=\"wp-block-heading\">La phrase de Pineau place Seixas sur une autre ligne de d\u00e9part<\/h2>\n\n\n\n<p class=\"wp-block-paragraph\">Le point de d\u00e9part de l&rsquo;analyse de <strong>J\u00e9r\u00f4me Pineau<\/strong> tient dans la retenue pr\u00eate \u00e0 Seixas. Pour le consultant RMC Sport, le Fran\u00e7ais n&rsquo;a pas encore montr\u00e9 tout ce qu&rsquo;il pouvait faire sur un grand rendez-vous.<\/p>\n\n\n\n<p class=\"wp-block-paragraph\">\u00ab Il n&rsquo;avait jamais couru plus de cinq jours. Il est all\u00e9 avec un peu de retenue \u00bb, a expliqu\u00e9 Pineau sur RMC. Le d\u00e9tail compte, parce qu&rsquo;il transforme la lecture de son Tour : Seixas n&rsquo;aurait pas seulement appris, il aurait aussi couru avec une forme de frein mental.<\/p>\n\n\n\n<p class=\"wp-block-paragraph\">Pineau va plus loin en imaginant une version plus lib\u00e9r\u00e9e du m\u00eame coureur. \u00ab L&rsquo;un prochain, ce sera diff\u00e9rent. L&rsquo;an prochain, il aura plus d&rsquo;audace, il osera plus \u00bb, avance-t-il. Dans son analyse, l&rsquo;\u00e9tape du Lioran aurait m\u00eame pu faire basculer le duel avec Remco Evenepoel si Seixas avait attaqu\u00e9 avec davantage de certitude.<\/p>\n\n\n\n<p class=\"wp-block-paragraph\">La citation qui porte tout l&rsquo;article arrive ensuite : \u00ab <strong>\u00c0 19 ans<\/strong>, Pogacar n&rsquo;avait pas les m\u00eames qualit\u00e9s. Seixas, il a trois ans d&rsquo;avance. \u00bb Pineau ajoute aussit\u00f4t une limite importante : personne ne sait encore si Seixas atteindra les sommets du Slov\u00e8ne.<\/p>\n\n\n\n<h2 class=\"wp-block-heading\">Pogacar reste la montagne, mais Pineau dessine d\u00e9j\u00e0 l&rsquo;\u00e9cart qui peut se r\u00e9duire<\/h2>\n\n\n\n<p class=\"wp-block-paragraph\"><strong>Tadej Pogacar<\/strong> reste la mesure absolue. Pineau ne le gomme pas du tableau. Il refuse m\u00eame de vendre un basculement trop rapide : \u00ab Te dire qu&rsquo;il va le battre \u00e0 la r\u00e9guli\u00e8re l&rsquo;an prochain, non, peut-\u00eatre pas. En tout cas, il va s&rsquo;en rapprocher. Ce gamin va progresser \u00bb, mart\u00e8le-t-il.<\/p>\n\n\n\n<p class=\"wp-block-paragraph\">C&rsquo;est l\u00e0 que la formule sur les trois ans d&rsquo;avance devient plus int\u00e9ressante sportivement. Elle ne sert pas \u00e0 annoncer un renversement imm\u00e9diat. Elle sert \u00e0 expliquer pourquoi <strong>Seixas<\/strong> peut entrer plus t\u00f4t que pr\u00e9vu dans la zone des figures du <strong><a href=\"https:\/\/mvz-sports.com\/fr\/cyclisme\">cyclisme<\/a><\/strong> capables de g\u00eaner <strong>Pogacar<\/strong> sur les grands Tours.<\/p>\n\n\n\n<p class=\"wp-block-paragraph\">Le corpus autour de Seixas donne du relief \u00e0 cette lecture. Sud Ouest rappelait au printemps que le Fran\u00e7ais avait remport\u00e9 le Tour du Pays basque d\u00e9but avril 2026, avant d&rsquo;\u00eatre pr\u00e9sent\u00e9 parmi les grandes t\u00eates d&rsquo;affiche de la Fl\u00e8che wallonne. Sur ce parcours, le parcours annonce 200 kilom\u00e8tres, 11 difficult\u00e9s, 3 300 m\u00e8tres de d\u00e9nivel\u00e9 positif et trois passages sur le Mur de Huy.<\/p>\n\n\n\n<p class=\"wp-block-paragraph\">Ces \u00e9l\u00e9ments ne prouvent pas qu&rsquo;il peut dominer Pogacar. Ils montrent surtout pourquoi Pineau ne parle pas seulement d&rsquo;un espoir m\u00e9diatique. Seixas a d\u00e9j\u00e0 \u00e9t\u00e9 plac\u00e9 dans des contextes o\u00f9 son \u00e2ge devient un argument, pas une excuse.<\/p>\n\n\n\n<h2 class=\"wp-block-heading\">L&rsquo;autre enjeu se jouera aussi autour de son \u00e9quipe<\/h2>\n\n\n\n<p class=\"wp-block-paragraph\">Le potentiel ne suffira pas. Pineau insiste aussi sur le cadre sportif autour de Seixas, alors que le coureur a assur\u00e9 vouloir honorer sa derni\u00e8re ann\u00e9e de contrat chez <strong>Decathlon CMA CGM<\/strong> la saison prochaine.<\/p>\n\n\n\n<p class=\"wp-block-paragraph\">Le consultant cite quatre structures capables, selon lui, d&rsquo;accompagner un vainqueur du Tour : <strong>Decathlon CMA CGM<\/strong>, UAE, Visma-Lease a Bike et Ineos Grenadiers. Le message est clair : si Seixas vise un jour le sommet, son environnement comptera autant que son audace.<\/p>\n\n\n\n<p class=\"wp-block-paragraph\">La prochaine confrontation annonc\u00e9e avec Pogacar est situ\u00e9e au Canada, pendant les championnats du monde programm\u00e9s du 20 au 27 septembre. Ce ne sera pas un Tour de France miniature, mais ce sera d\u00e9j\u00e0 un test face \u00e0 un coureur qui \u00e9crase encore la hi\u00e9rarchie.<\/p>\n\n\n\n<p class=\"wp-block-paragraph\">La phrase de Pineau fonctionne parce qu&rsquo;elle ne ferme rien. Elle ouvre une trajectoire. Pogacar reste intouchable pour beaucoup, mais Seixas entre dans la conversation avec une raret\u00e9 simple : \u00e0 19 ans, il force d\u00e9j\u00e0 les anciens coureurs \u00e0 parler de lui en ann\u00e9es d&rsquo;avance.<\/p>\n\n\n\n<p class=\"wp-block-paragraph\"><\/p>\n\n\n\n<pre class=\"wp-block-preformatted\"><\/pre>\n\n\n\n<p class=\"wp-block-paragraph\"><\/p>\n","protected":false},"excerpt":{"rendered":"<p>J\u00e9r\u00f4me Pineau n&rsquo;a pas annonc\u00e9 la chute de Tadej Pogacar, mais sa phrase sur Paul Seixas donne d\u00e9j\u00e0 un cadre au duel auquel le cyclisme fran\u00e7ais assistera sur les prochains Tours. Dans le&nbsp;Super Moscato Show&nbsp;sur RMC, l&rsquo;ancien coureur a choisi une formule qui marque : \u00ab Seixas, il a trois ans d&rsquo;avance \u00bb. Une phrase [&hellip;]<\/p>\n","protected":false},"author":5,"featured_media":55063,"comment_status":"open","ping_status":"open","sticky":false,"template":"","format":"standard","meta":{"_acf_changed":false,"_seopress_robots_primary_cat":"none","_seopress_titles_title":"","_seopress_titles_desc":"","_seopress_robots_index":"","footnotes":""},"categories":[38],"tags":[],"class_list":["post-55058","post","type-post","status-publish","format-standard","has-post-thumbnail","hentry","category-cyclisme"],"acf":[],"_links":{"self":[{"href":"https:\/\/mvz-sports.com\/fr\/wp-json\/wp\/v2\/posts\/55058","targetHints":{"allow":["GET"]}}],"collection":[{"href":"https:\/\/mvz-sports.com\/fr\/wp-json\/wp\/v2\/posts"}],"about":[{"href":"https:\/\/mvz-sports.com\/fr\/wp-json\/wp\/v2\/types\/post"}],"author":[{"embeddable":true,"href":"https:\/\/mvz-sports.com\/fr\/wp-json\/wp\/v2\/users\/5"}],"replies":[{"embeddable":true,"href":"https:\/\/mvz-sports.com\/fr\/wp-json\/wp\/v2\/comments?post=55058"}],"version-history":[{"count":2,"href":"https:\/\/mvz-sports.com\/fr\/wp-json\/wp\/v2\/posts\/55058\/revisions"}],"predecessor-version":[{"id":55065,"href":"https:\/\/mvz-sports.com\/fr\/wp-json\/wp\/v2\/posts\/55058\/revisions\/55065"}],"wp:featuredmedia":[{"embeddable":true,"href":"https:\/\/mvz-sports.com\/fr\/wp-json\/wp\/v2\/media\/55063"}],"wp:attachment":[{"href":"https:\/\/mvz-sports.com\/fr\/wp-json\/wp\/v2\/media?parent=55058"}],"wp:term":[{"taxonomy":"category","embeddable":true,"href":"https:\/\/mvz-sports.com\/fr\/wp-json\/wp\/v2\/categories?post=55058"},{"taxonomy":"post_tag","embeddable":true,"href":"https:\/\/mvz-sports.com\/fr\/wp-json\/wp\/v2\/tags?post=55058"}],"curies":[{"name":"wp","href":"https:\/\/api.w.org\/{rel}","templated":true}]}}