{"id":55094,"date":"2026-08-28T08:05:00","date_gmt":"2026-08-28T06:05:00","guid":{"rendered":"https:\/\/mvz-sports.com\/fr\/?p=55094"},"modified":"2026-08-28T06:16:24","modified_gmt":"2026-08-28T04:16:24","slug":"paul-seixas-nest-plus-seulement-le-prodige-francais-voeckler-lui-donne-les-cles-des-bleus-pour-les-monidaux","status":"publish","type":"post","link":"https:\/\/mvz-sports.com\/fr\/cyclisme\/news\/paul-seixas-nest-plus-seulement-le-prodige-francais-voeckler-lui-donne-les-cles-des-bleus-pour-les-monidaux","title":{"rendered":"Paul Seixas n&rsquo;est plus seulement le prodige fran\u00e7ais, Voeckler lui donne les cl\u00e9s des Bleus pour les monidaux"},"content":{"rendered":"\n<p class=\"wp-block-paragraph\"><strong>Paul Seixas change de cat\u00e9gorie chez les Bleus : Thomas Voeckler ne le prot\u00e8ge plus comme une promesse, il construit d\u00e9sormais l&rsquo;\u00e9quipe de France autour de lui pour les Mondiaux de Montr\u00e9al.<\/strong><\/p>\n\n\n\n<p class=\"wp-block-paragraph\">Le signal est fort, parce qu&rsquo;il ne laisse presque plus de place au doute. <strong>Paul Seixas<\/strong> sera bien pr\u00e9sent avec l&rsquo;\u00e9quipe de France aux championnats du monde de <a href=\"https:\/\/mvz-sports.com\/fr\/cyclisme\">cyclisme<\/a> \u00e0 Montr\u00e9al, programm\u00e9s du 20 au 27 septembre. Et il n&rsquo;y arrivera pas avec un r\u00f4le d&rsquo;apprenti.<\/p>\n\n\n\n<p class=\"wp-block-paragraph\">Thomas Voeckler a pos\u00e9 le cadre : \u00ab Paul Seixas sera le leader de l&rsquo;\u00e9quipe de France aux championnats du monde \u00bb. Pour un coureur encore pr\u00e9sent\u00e9 comme le prodige fran\u00e7ais il ya peu, la phrase marque un vrai basculement. Les Bleus ne vont pas seulement l&#8217;emmener. Ils vont courir pour lui.<\/p>\n\n\n\n<h2 class=\"wp-block-heading\">Voeckler agit un changement de statut pour Paul Seixas<\/h2>\n\n\n\n<p class=\"wp-block-paragraph\">La s\u00e9lection de <strong>Paul Seixas<\/strong> n&rsquo;avait rien d&rsquo;une surprise totale. Sa pr\u00e9sence \u00e0 Montr\u00e9al \u00e9tait attendue, surtout apr\u00e8s sa progression r\u00e9cente et sa quatri\u00e8me place sur le Tour de France. Mais le mot choisi par Thomas Voeckler change tout : leader.<\/p>\n\n\n\n<p class=\"wp-block-paragraph\">Dans une \u00e9quipe nationale, ce statut n&rsquo;est pas d\u00e9coratif. Il d\u00e9termine les r\u00f4les, les efforts \u00e0 fournir, les coureurs charg\u00e9s de contr\u00f4ler, de remplacer ou de prot\u00e9ger. Seixas ne sera donc pas seulement le jeune talent que l&rsquo;on observe. Il devient le point de r\u00e9f\u00e9rence du groupe fran\u00e7ais.<\/p>\n\n\n\n<p class=\"wp-block-paragraph\">Cette d\u00e9cision arrive \u00e9galement avant deux rendez-vous utiles au Canada. Le coureur doit reprendre la comp\u00e9tition au GP de Qu\u00e9bec, le 11 septembre, puis au GP de Montr\u00e9al, le 13 septembre. Deux cours qui peuvent servir de r\u00e9p\u00e9tition g\u00e9n\u00e9rale avant le grand rendez-vous mondial.<\/p>\n\n\n\n<h2 class=\"wp-block-heading\">Son Mondial au Rwanda avait d\u00e9j\u00e0 pr\u00e9par\u00e9 le terrain<\/h2>\n\n\n\n<p class=\"wp-block-paragraph\">Le choix de Voeckler ne sort pas de nulle part. L&rsquo;an dernier, <strong>Paul Seixas<\/strong> avait d\u00e9j\u00e0 \u00e9t\u00e9 lanc\u00e9 dans le grand bain mondial. \u00c0 18 ans, il avait termin\u00e9 le 13e du parcours en ligne des Mondiaux au Rwanda, apr\u00e8s un effort de plus de 267 km.<\/p>\n\n\n\n<p class=\"wp-block-paragraph\">D&rsquo;apr\u00e8s RMC Sport, ce parcours affichait 267,5 km et 5 128 m de d\u00e9nivel\u00e9 positif. Seixas y avait termin\u00e9 meilleur fran\u00e7ais. Pour un premier rendez-vous de ce niveau, sur un parcours aussi dur, le r\u00e9sultat calcul\u00e9 plus qu&rsquo;une simple place d&rsquo;honneur.<\/p>\n\n\n\n<p class=\"wp-block-paragraph\">Deux semaines plus tard, il avait confirm\u00e9 en montant sur le podium des championnats d&rsquo;Europe, derri\u00e8re <strong>Tadej Pogacar<\/strong> et <strong>Remco Evenepoel<\/strong>. Ce d\u00e9tail donne dans la lecture de Voeckler : Seixas a d\u00e9j\u00e0 r\u00e9pondu pr\u00e9sent face aux r\u00e9f\u00e9rences mondiales.<\/p>\n\n\n\n<p class=\"wp-block-paragraph\">La quatri\u00e8me place obtenue ensuite sur le Tour de France a achev\u00e9 de d\u00e9placer le regard. La France ne parle plus seulement d&rsquo;un coureur \u00e0 d\u00e9velopper. Elle tient d\u00e9sormais un profil capable d&rsquo;assumer une course majeure.<\/p>\n\n\n\n<h2 class=\"wp-block-heading\">Les huit coureurs sont dans la t\u00eate de Voeckler<\/h2>\n\n\n\n<p class=\"wp-block-paragraph\">Le plan fran\u00e7ais n&rsquo;est pas encore livr\u00e9 en entier. Thomas Voeckler a expliqu\u00e9 avoir d\u00e9j\u00e0 ses huit coureurs en t\u00eate, sans vouloir annoncer trop t\u00f4t la composition compl\u00e8te. Le s\u00e9lectionneur garde une marge, notamment \u00e0 cause des risques de chute ou de changement de forme dans les semaines qui pr\u00e9c\u00e8dent Montr\u00e9al.<\/p>\n\n\n\n<p class=\"wp-block-paragraph\">Sa phrase donne quand m\u00eame la direction : \u00ab Certains d&rsquo;entre eux le savent, d&rsquo;autres non. J&rsquo;attends des attitudes. J&rsquo;ai mon \u00e9quipe mais elle peut \u00eatre amen\u00e9e \u00e0 \u00e9voluer. \u00bb Le message est clair pour le groupe. Le leader est d\u00e9sign\u00e9, les lieux autour de lui restent sous surveillance.<\/p>\n\n\n\n<p class=\"wp-block-paragraph\">Pour Seixas, cette configuration change la pression. Il ne pourra plus se cacher derri\u00e8re son \u00e2ge ou son statut de r\u00e9v\u00e9lation. Montr\u00e9al doit dire s&rsquo;il peut transformer son ascension en responsabilit\u00e9 collective.<\/p>\n\n\n\n<p class=\"wp-block-paragraph\">Le vrai enjeu est l\u00e0. Voeckler ne donne pas seulement une s\u00e9lection \u00e0 <strong>Paul Seixas<\/strong>. Il lui donne les cl\u00e9s sportives des Bleus, avec tout ce que cela implique : une \u00e9quipe \u00e0 guider, une course \u00e0 lire, et un statut national \u00e0 assumer.<\/p>\n\n\n\n<p class=\"wp-block-paragraph\"><\/p>\n\n\n\n<pre class=\"wp-block-preformatted\"><\/pre>\n\n\n\n<p class=\"wp-block-paragraph\"><\/p>\n","protected":false},"excerpt":{"rendered":"<p>Paul Seixas change de cat\u00e9gorie chez les Bleus : Thomas Voeckler ne le prot\u00e8ge plus comme une promesse, il construit d\u00e9sormais l&rsquo;\u00e9quipe de France autour de lui pour les Mondiaux de Montr\u00e9al. Le signal est fort, parce qu&rsquo;il ne laisse presque plus de place au doute. Paul Seixas sera bien pr\u00e9sent avec l&rsquo;\u00e9quipe de France [&hellip;]<\/p>\n","protected":false},"author":2,"featured_media":50128,"comment_status":"open","ping_status":"open","sticky":false,"template":"","format":"standard","meta":{"_acf_changed":false,"_seopress_robots_primary_cat":"none","_seopress_titles_title":"","_seopress_titles_desc":"","_seopress_robots_index":"","footnotes":""},"categories":[38],"tags":[],"class_list":["post-55094","post","type-post","status-publish","format-standard","has-post-thumbnail","hentry","category-cyclisme"],"acf":[],"_links":{"self":[{"href":"https:\/\/mvz-sports.com\/fr\/wp-json\/wp\/v2\/posts\/55094","targetHints":{"allow":["GET"]}}],"collection":[{"href":"https:\/\/mvz-sports.com\/fr\/wp-json\/wp\/v2\/posts"}],"about":[{"href":"https:\/\/mvz-sports.com\/fr\/wp-json\/wp\/v2\/types\/post"}],"author":[{"embeddable":true,"href":"https:\/\/mvz-sports.com\/fr\/wp-json\/wp\/v2\/users\/2"}],"replies":[{"embeddable":true,"href":"https:\/\/mvz-sports.com\/fr\/wp-json\/wp\/v2\/comments?post=55094"}],"version-history":[{"count":2,"href":"https:\/\/mvz-sports.com\/fr\/wp-json\/wp\/v2\/posts\/55094\/revisions"}],"predecessor-version":[{"id":55098,"href":"https:\/\/mvz-sports.com\/fr\/wp-json\/wp\/v2\/posts\/55094\/revisions\/55098"}],"wp:featuredmedia":[{"embeddable":true,"href":"https:\/\/mvz-sports.com\/fr\/wp-json\/wp\/v2\/media\/50128"}],"wp:attachment":[{"href":"https:\/\/mvz-sports.com\/fr\/wp-json\/wp\/v2\/media?parent=55094"}],"wp:term":[{"taxonomy":"category","embeddable":true,"href":"https:\/\/mvz-sports.com\/fr\/wp-json\/wp\/v2\/categories?post=55094"},{"taxonomy":"post_tag","embeddable":true,"href":"https:\/\/mvz-sports.com\/fr\/wp-json\/wp\/v2\/tags?post=55094"}],"curies":[{"name":"wp","href":"https:\/\/api.w.org\/{rel}","templated":true}]}}