{"id":55117,"date":"2026-08-28T17:15:00","date_gmt":"2026-08-28T15:15:00","guid":{"rendered":"https:\/\/mvz-sports.com\/fr\/?p=55117"},"modified":"2026-08-28T17:10:19","modified_gmt":"2026-08-28T15:10:19","slug":"sil-nous-rejoint-je-pars-la-condition-qui-aurait-change-lavenir-de-paul-seixas-avec-pogacar-chez-uaeen-dernier","status":"publish","type":"post","link":"https:\/\/mvz-sports.com\/fr\/cyclisme\/news\/sil-nous-rejoint-je-pars-la-condition-qui-aurait-change-lavenir-de-paul-seixas-avec-pogacar-chez-uaeen-dernier","title":{"rendered":"\u00ab S\u2019il nous rejoint, je pars \u00bb : \u00ab\u00a0la condition qui aurait chang\u00e9 l\u2019avenir de Paul Seixas avec Pogacar chez UAE\u00a0\u00bben dernier"},"content":{"rendered":"\n<p class=\"wp-block-paragraph\"><strong>Le dossier Paul Seixas chez UAE aurait bascul\u00e9 sur une phrase attribu\u00e9e \u00e0 Isaac Del Toro, au moment o\u00f9 l&rsquo;\u00e9quipe de Tadej Pogacar verrouillait d\u00e9j\u00e0 son avenir \u00e0 tr\u00e8s long terme.<\/strong><\/p>\n\n\n\n<p class=\"wp-block-paragraph\"><strong>Paul Seixas<\/strong> et <strong>Tadej Pogacar<\/strong> dans le m\u00eame maillot, l&rsquo;id\u00e9e avait de quoi secouer le peloton. Elle semble pourtant s&rsquo;\u00eatre r\u00e9f\u00e9r\u00e9e, au moins pour UAE-Team Emirates XRG.<\/p>\n\n\n\n<p class=\"wp-block-paragraph\">Le Fran\u00e7ais doit encore courir pour <strong>Decathlon-CMA CGM<\/strong> en 2027. Le vrai sujet commence donc apr\u00e8s : 2028, son futur statut, et la place qu&rsquo;une \u00e9quipe comme UAE aurait pu lui offrir dans un collectif d\u00e9j\u00e0 b\u00e2ti autour de Pogacar.<\/p>\n\n\n\n<h2 class=\"wp-block-heading\">Une phrase attribu\u00e9e \u00e0 Del Toro aurait chang\u00e9 le rapport de force<\/h2>\n\n\n\n<p class=\"wp-block-paragraph\">D&rsquo;apr\u00e8s\u00a0Wielerflits\u00a0, UAE-Team Emirates XRG ne serait plus en course pour attirer <strong>Paul Seixas<\/strong>. Le m\u00e9dia n\u00e9erlandais rapporte ce recul \u00e0 deux prolongations majeures : Tadej Pogacar serait d\u00e9sormais li\u00e9 jusqu&rsquo;en 2032, Isaac Del Toro jusqu&rsquo;en 2031.<\/p>\n\n\n\n<p class=\"wp-block-paragraph\">Le point le plus fort du dossier tient \u00e0 la position pr\u00eate \u00e0 Del Toro. Le Mexicain aurait fait passer un message interne sans d\u00e9tour : \u00ab s&rsquo;il nous rejoint, je pars \u00bb. Une phrase lourde, parce qu&rsquo;elle transforme un dossier de recrutement en choix de hi\u00e9rarchie sportive.<\/p>\n\n\n\n<p class=\"wp-block-paragraph\">Les EAU pouvaient difficilement empiler trois ambitions aussi fortes sur les grands tours sans ouvrir une zone de friction. Pogacar reste le centre du projet. Del Toro, lui, n&rsquo;est plus seulement un espoir \u00e0 prot\u00e9ger : il est pr\u00e9sent\u00e9 comme un coureur autour duquel l&rsquo;\u00e9quipe veut aussi construire.<\/p>\n\n\n\n<h2 class=\"wp-block-heading\">UAE aurait pr\u00e9f\u00e9r\u00e9 verrouiller Pogacar et Del Toro<\/h2>\n\n\n\n<p class=\"wp-block-paragraph\">L&rsquo;int\u00e9r\u00eat d&rsquo;UAE pour <strong>Seixas<\/strong> aurait \u00e9t\u00e9 r\u00e9el. Le coureur fran\u00e7ais aurait m\u00eame \u00e9t\u00e9 courtis\u00e9 autour du dernier Tour de France, dans un contexte o\u00f9 son profil attire logiquement les plus grandes formations du <strong><a href=\"https:\/\/mvz-sports.com\/fr\/cyclisme\">cyclisme<\/a><\/strong> mondial.<\/p>\n\n\n\n<p class=\"wp-block-paragraph\">Mais les prolongations longues de Pogacar et Del Toro changent la lecture du dossier. Pogacar jusqu&rsquo;en 2032, Del Toro jusqu&rsquo;en 2031 : ce ne sont pas des contrats de transition. Ce sont des signaux de priorit\u00e9.<\/p>\n\n\n\n<p class=\"wp-block-paragraph\">Le classement UCI cit\u00e9 par CyclismActu donne aussi du poids \u00e0 cette logique sportive. Au 25 ao\u00fbt 2026, <strong>Pogacar<\/strong> est annonc\u00e9 leader mondial avec 11 321,75 points, Del Toro 4e avec 6 603,46 points, et Seixas dans le Top 5 avec 4 800,71 points. Trois coureurs de ce niveau dans la m\u00eame trajectoire, c&rsquo;est une richesse \u00e9norme, mais aussi un casse-t\u00eate.<\/p>\n\n\n\n<p class=\"wp-block-paragraph\">Un autre \u00e9l\u00e9ment du corpus renforce le statut de Seixas : il serait devenu, \u00e0 19 ans et 194 jours, le 3e plus jeune vainqueur en World Tour derri\u00e8re Remco Evenepoel et Joshua Tarling. Ce n\u2019est donc pas un simple pari d\u2019avenir. C&rsquo;est d\u00e9j\u00e0 un coureur qui p\u00e8se dans les discussions.<\/p>\n\n\n\n<h2 class=\"wp-block-heading\">Seixas pourrait choisir l&rsquo;affrontement plut\u00f4t que le confort<\/h2>\n\n\n\n<p class=\"wp-block-paragraph\">La position de <strong>Paul Seixas<\/strong> aurait elle aussi \u00e9volu\u00e9. Apr\u00e8s avoir \u00e9t\u00e9 associ\u00e9 \u00e0 une possible lettre d&rsquo;intention avec UAE, le Fran\u00e7ais pr\u00e9f\u00e9rerait d\u00e9sormais rester adversaire de Pogacar plut\u00f4t que de devenir son co\u00e9quipier.<\/p>\n\n\n\n<p class=\"wp-block-paragraph\">Sportivement, le choix se tient. Rejoindre UAE aurait offert un environnement ultra-dominant, mais aussi une place difficile \u00e0 d\u00e9finir derri\u00e8re Pogacar et face \u00e0 Del Toro. Rester hors de cette structure lui laisse une route plus claire pour construire son propre calendrier, son propre leadership et ses propres duels.<\/p>\n\n\n\n<p class=\"wp-block-paragraph\">C&rsquo;est ce qui rend la phrase attribu\u00e9e \u00e0 Del Toro aussi d\u00e9cisive. Elle ne ferme pas seulement une porte de mercato. Elle r\u00e9v\u00e8le le c\u0153ur du probl\u00e8me : UAE aurait d\u00fb choisir entre additionner les talents et pr\u00e9server l&rsquo;\u00e9quilibre interne de son projet.<\/p>\n\n\n\n<p class=\"wp-block-paragraph\">Pour Seixas, ce recul \u00e9ventuel d&rsquo;UAE n&rsquo;a donc rien d&rsquo;un \u00e9chec \u00e9vident. S&rsquo;il confirme son envie de d\u00e9fier Pogacar plut\u00f4t que de rouler avec lui, le peloton pourrait gagner ce que les grandes \u00e9quipes cherchent souvent \u00e0 \u00e9viter : une rivalit\u00e9 directe, lisible, et fran\u00e7aise au sommet.<\/p>\n\n\n\n<pre class=\"wp-block-preformatted\"><\/pre>\n\n\n\n<p class=\"wp-block-paragraph\"><\/p>\n","protected":false},"excerpt":{"rendered":"<p>Le dossier Paul Seixas chez UAE aurait bascul\u00e9 sur une phrase attribu\u00e9e \u00e0 Isaac Del Toro, au moment o\u00f9 l&rsquo;\u00e9quipe de Tadej Pogacar verrouillait d\u00e9j\u00e0 son avenir \u00e0 tr\u00e8s long terme. Paul Seixas et Tadej Pogacar dans le m\u00eame maillot, l&rsquo;id\u00e9e avait de quoi secouer le peloton. Elle semble pourtant s&rsquo;\u00eatre r\u00e9f\u00e9r\u00e9e, au moins pour [&hellip;]<\/p>\n","protected":false},"author":1,"featured_media":52926,"comment_status":"open","ping_status":"open","sticky":false,"template":"","format":"standard","meta":{"_acf_changed":false,"_seopress_robots_primary_cat":"none","_seopress_titles_title":"","_seopress_titles_desc":"","_seopress_robots_index":"","footnotes":""},"categories":[38],"tags":[],"class_list":["post-55117","post","type-post","status-publish","format-standard","has-post-thumbnail","hentry","category-cyclisme"],"acf":[],"_links":{"self":[{"href":"https:\/\/mvz-sports.com\/fr\/wp-json\/wp\/v2\/posts\/55117","targetHints":{"allow":["GET"]}}],"collection":[{"href":"https:\/\/mvz-sports.com\/fr\/wp-json\/wp\/v2\/posts"}],"about":[{"href":"https:\/\/mvz-sports.com\/fr\/wp-json\/wp\/v2\/types\/post"}],"author":[{"embeddable":true,"href":"https:\/\/mvz-sports.com\/fr\/wp-json\/wp\/v2\/users\/1"}],"replies":[{"embeddable":true,"href":"https:\/\/mvz-sports.com\/fr\/wp-json\/wp\/v2\/comments?post=55117"}],"version-history":[{"count":2,"href":"https:\/\/mvz-sports.com\/fr\/wp-json\/wp\/v2\/posts\/55117\/revisions"}],"predecessor-version":[{"id":55121,"href":"https:\/\/mvz-sports.com\/fr\/wp-json\/wp\/v2\/posts\/55117\/revisions\/55121"}],"wp:featuredmedia":[{"embeddable":true,"href":"https:\/\/mvz-sports.com\/fr\/wp-json\/wp\/v2\/media\/52926"}],"wp:attachment":[{"href":"https:\/\/mvz-sports.com\/fr\/wp-json\/wp\/v2\/media?parent=55117"}],"wp:term":[{"taxonomy":"category","embeddable":true,"href":"https:\/\/mvz-sports.com\/fr\/wp-json\/wp\/v2\/categories?post=55117"},{"taxonomy":"post_tag","embeddable":true,"href":"https:\/\/mvz-sports.com\/fr\/wp-json\/wp\/v2\/tags?post=55117"}],"curies":[{"name":"wp","href":"https:\/\/api.w.org\/{rel}","templated":true}]}}