{"id":55132,"date":"2026-08-29T07:02:00","date_gmt":"2026-08-29T05:02:00","guid":{"rendered":"https:\/\/mvz-sports.com\/fr\/?p=55132"},"modified":"2026-08-29T02:22:26","modified_gmt":"2026-08-29T00:22:26","slug":"je-travaille-dur-paul-seixas-leader-des-bleus-aux-mondiaux-le-pari-assume-de-voeckler-face-a-pogacar-et-evenepoel","status":"publish","type":"post","link":"https:\/\/mvz-sports.com\/fr\/cyclisme\/news\/je-travaille-dur-paul-seixas-leader-des-bleus-aux-mondiaux-le-pari-assume-de-voeckler-face-a-pogacar-et-evenepoel","title":{"rendered":"\u00ab Je travaille dur \u00bb : Paul Seixas leader des Bleus aux Mondiaux, le pari assum\u00e9 de Voeckler face \u00e0 Pogacar et Evenepoel"},"content":{"rendered":"\n<p class=\"wp-block-paragraph\"><strong>Paul Seixas ne re\u00e7oit pas seulement un dossard aux Mondiaux : Thomas Voeckler lui confie le r\u00f4le le plus expos\u00e9 des Bleus, face \u00e0 deux monstres nomm\u00e9s Tadej Pogacar et Remco Evenepoel.<\/strong><\/p>\n\n\n\n<p class=\"wp-block-paragraph\">Le choix dit beaucoup du moment que traverse le cyclisme fran\u00e7ais. \u00c0 19 ans, <strong>Paul Seixas<\/strong> a termin\u00e9 un <strong>Tour de France<\/strong> \u00e0 la quatri\u00e8me place, pour sa premi\u00e8re course de trois semaines. Quelques semaines plus tard, le voil\u00e0 pr\u00e9sent\u00e9 comme le leader de l&rsquo;\u00e9quipe de France pour les Championnats du monde  de <a href=\"https:\/\/mvz-sports.com\/fr\/cyclisme\">cyclisme<\/a> \u00e0 Montr\u00e9al, programm\u00e9s du 20 au 27 septembre.<\/p>\n\n\n\n<p class=\"wp-block-paragraph\"><strong>Thomas Voeckler<\/strong> assume donc un pari rare : donner les cl\u00e9s \u00e0 un coureur qui d\u00e9couvre encore le tr\u00e8s haut niveau sur la dur\u00e9e, mais qui a d\u00e9j\u00e0 chang\u00e9 la perception autour de lui. Et le d\u00e9cor n&rsquo;a rien d&rsquo;un tremplin tranquille. En face, il y aura notamment Remco Evenepoel et <strong>Tadej Pogacar<\/strong>, double champion du monde en titre.<\/p>\n\n\n\n<h2 class=\"wp-block-heading\">Voeckler place Seixas au centre du plan fran\u00e7ais<\/h2>\n\n\n\n<p class=\"wp-block-paragraph\"><strong>Thomas Voeckler<\/strong> a pos\u00e9 les mots les plus clairs sur le statut du jeune Fran\u00e7ais : \u00ab <strong>Paul Seixas<\/strong> sera le leader de l&rsquo;\u00e9quipe de France aux Championnats du monde \u00bb. Le s\u00e9lectionneur tricolore garde cependant une marge de man\u0153uvre sur la composition d\u00e9finitive. Il explique avoir ses huit coureurs en t\u00eate, tout en rappelant que des chutes ou des attitudes dans les prochaines semaines peuvent encore modifier l&rsquo;\u00e9quilibre du groupe.<\/p>\n\n\n\n<p class=\"wp-block-paragraph\">Cette pr\u00e9cision compte. Seixas n&rsquo;est pas seulement coch\u00e9 comme un espoir \u00e0 prot\u00e9ger ou comme une carte secondaire. Il est plac\u00e9 dans une position o\u00f9 le cours doit pouvoir se construire autour de lui. Pour un coureur de 19 ans, quatri\u00e8me du Tour mais encore tr\u00e8s jeune dans la hi\u00e9rarchie mondiale, le signal est fort.<\/p>\n\n\n\n<p class=\"wp-block-paragraph\">La fiche officielle de <strong>Decathlon-CMA CGM<\/strong> rappelle d&rsquo;ailleurs le profil hors norme du Fran\u00e7ais : <strong>Paul Seixas<\/strong> est n\u00e9 le 24.09.2006 \u00e0 Lyon, mesure 1m86 et p\u00e8se 64 kg, d&rsquo;apr\u00e8s\u00a0Decathlon-CMA CGM\u00a0. Ces donn\u00e9es ne font pas gagner un cours, mais elles remplacent son ascension dans une r\u00e9alit\u00e9 presque brutale : il est encore au tout d\u00e9but de sa carri\u00e8re professionnelle.<\/p>\n\n\n\n<h2 class=\"wp-block-heading\">Le Tour a chang\u00e9 son statut, pas encore la hi\u00e9rarchie<\/h2>\n\n\n\n<p class=\"wp-block-paragraph\">La quatri\u00e8me place du dernier Tour de France a fait basculer Seixas dans une autre cat\u00e9gorie m\u00e9diatique. Le public fran\u00e7ais l&rsquo;a vu tenir, apprendre, r\u00e9sister, puis jouer le podium jusqu&rsquo;au dernier jour. Apr\u00e8s l&rsquo;arriv\u00e9e, Le Parisien a relay\u00e9 son message de gratitude : \u00ab 4\u00e8me du g\u00e9n\u00e9ral pour mon tout premier Tour de France. R\u00eave d&rsquo;enfant. Travailler. D\u00e9termination. \u00bb<\/p>\n\n\n\n<p class=\"wp-block-paragraph\">Mais ce Tour a aussi rappel\u00e9 la distance qui le s\u00e9pare encore du sommet absolu. Face \u00e0 <strong>Pogacar<\/strong>, Seixas n&rsquo;a pas cherch\u00e9 \u00e0 enjoliver. Il a reconnu aupr\u00e8s de WielerFlits que le Slov\u00e8ne \u00e9tait \u00ab sur une autre plan\u00e8te \u00bb et que cette domination l&rsquo;avait impressionn\u00e9. La phrase est lucide, presque plus int\u00e9ressante qu&rsquo;une d\u00e9claration de d\u00e9fi classique.<\/p>\n\n\n\n<p class=\"wp-block-paragraph\">Son autre phrase donne le vrai fil de l&rsquo;histoire : \u00ab Je travaille dur pour continuer \u00e0 progresser et, un jour, pouvoir vraiment me battre contre lui \u00bb. Voil\u00e0 le c\u0153ur du pari de Voeckler. <strong>Seixas<\/strong> n&rsquo;arrive pas \u00e0 Montr\u00e9al avec le statut d&rsquo;un favori install\u00e9. Il arrive avec une trajectoire, une marge, et la pression nouvelle d&rsquo;un maillot bleu qui ne lui laisse plus beaucoup d&rsquo;ombre.<\/p>\n\n\n\n<h2 class=\"wp-block-heading\">Face \u00e0 Pogacar et Evenepoel, le pari est sportif autant que symbolique<\/h2>\n\n\n\n<p class=\"wp-block-paragraph\">Sur le papier, Pogacar et Evenepoel restent les rep\u00e8res majeurs. Le premier incarne la domination totale sur les grands rendez-vous. Le second apporte une densit\u00e9 de palmar\u00e8s et une science des cours d&rsquo;un jour qui changent imm\u00e9diatement le niveau d&rsquo;exigence. Pour Seixas, le Mondial ne sera donc pas un simple prolongement heureux de son Tour.<\/p>\n\n\n\n<p class=\"wp-block-paragraph\">Le pari de Voeckler est aussi symbolique pour les Bleus. Depuis des ann\u00e9es, l&rsquo;\u00e9quipe de France cherche le bon \u00e9quilibre entre exp\u00e9rience, coups tactiques et dirigeants capables de peser dans la finale. En donnant ce r\u00f4le \u00e0 Seixas, le s\u00e9lectionneur accepte l&rsquo;id\u00e9e qu&rsquo;un coureur tr\u00e8s jeune puisse d\u00e9j\u00e0 porter la responsabilit\u00e9 sportive du collectif.<\/p>\n\n\n\n<p class=\"wp-block-paragraph\">Ce choix ne garantit rien \u00e0 Montr\u00e9al. Il installe surtout une question tr\u00e8s claire : Seixas peut-il transformer une r\u00e9v\u00e9lation de Grand Tour en cr\u00e9dibilit\u00e9 mondiale sur une course d&rsquo;un jour ? Sa r\u00e9ponse, pour l&rsquo;instant, tient dans cette promesse simple : travailler assez pour ne plus seulement regarder Pogacar devant, mais pouvoir lui r\u00e9pondre.<\/p>\n\n\n\n<p class=\"wp-block-paragraph\">Si le Fran\u00e7ais y parvient, m\u00eame sans titre imm\u00e9diat, les Mondiaux pourraient marquer une \u00e9tape importante de sa construction. Pas celle d&rsquo;un prodige qu&rsquo;on prot\u00e8ge encore. Celle d&rsquo;un leader que Voeckler expose volontairement au plus haut niveau.<\/p>\n\n\n\n<pre class=\"wp-block-preformatted\"><\/pre>\n\n\n\n<p class=\"wp-block-paragraph\"><\/p>\n","protected":false},"excerpt":{"rendered":"<p>Paul Seixas ne re\u00e7oit pas seulement un dossard aux Mondiaux : Thomas Voeckler lui confie le r\u00f4le le plus expos\u00e9 des Bleus, face \u00e0 deux monstres nomm\u00e9s Tadej Pogacar et Remco Evenepoel. Le choix dit beaucoup du moment que traverse le cyclisme fran\u00e7ais. \u00c0 19 ans, Paul Seixas a termin\u00e9 un Tour de France \u00e0 [&hellip;]<\/p>\n","protected":false},"author":6,"featured_media":50407,"comment_status":"open","ping_status":"open","sticky":false,"template":"","format":"standard","meta":{"_acf_changed":false,"_seopress_robots_primary_cat":"none","_seopress_titles_title":"","_seopress_titles_desc":"","_seopress_robots_index":"","footnotes":""},"categories":[38],"tags":[],"class_list":["post-55132","post","type-post","status-publish","format-standard","has-post-thumbnail","hentry","category-cyclisme"],"acf":[],"_links":{"self":[{"href":"https:\/\/mvz-sports.com\/fr\/wp-json\/wp\/v2\/posts\/55132","targetHints":{"allow":["GET"]}}],"collection":[{"href":"https:\/\/mvz-sports.com\/fr\/wp-json\/wp\/v2\/posts"}],"about":[{"href":"https:\/\/mvz-sports.com\/fr\/wp-json\/wp\/v2\/types\/post"}],"author":[{"embeddable":true,"href":"https:\/\/mvz-sports.com\/fr\/wp-json\/wp\/v2\/users\/6"}],"replies":[{"embeddable":true,"href":"https:\/\/mvz-sports.com\/fr\/wp-json\/wp\/v2\/comments?post=55132"}],"version-history":[{"count":2,"href":"https:\/\/mvz-sports.com\/fr\/wp-json\/wp\/v2\/posts\/55132\/revisions"}],"predecessor-version":[{"id":55136,"href":"https:\/\/mvz-sports.com\/fr\/wp-json\/wp\/v2\/posts\/55132\/revisions\/55136"}],"wp:featuredmedia":[{"embeddable":true,"href":"https:\/\/mvz-sports.com\/fr\/wp-json\/wp\/v2\/media\/50407"}],"wp:attachment":[{"href":"https:\/\/mvz-sports.com\/fr\/wp-json\/wp\/v2\/media?parent=55132"}],"wp:term":[{"taxonomy":"category","embeddable":true,"href":"https:\/\/mvz-sports.com\/fr\/wp-json\/wp\/v2\/categories?post=55132"},{"taxonomy":"post_tag","embeddable":true,"href":"https:\/\/mvz-sports.com\/fr\/wp-json\/wp\/v2\/tags?post=55132"}],"curies":[{"name":"wp","href":"https:\/\/api.w.org\/{rel}","templated":true}]}}