{"id":55147,"date":"2026-08-29T10:04:00","date_gmt":"2026-08-29T08:04:00","guid":{"rendered":"https:\/\/mvz-sports.com\/fr\/?p=55147"},"modified":"2026-08-29T03:04:05","modified_gmt":"2026-08-29T01:04:05","slug":"a-32-ans-anthony-turgis-quitte-totalenergies-pour-rejoindre-astana-avec-un-enjeu-simple-prouver-quil-peut-encore-gagner","status":"publish","type":"post","link":"https:\/\/mvz-sports.com\/fr\/cyclisme\/news\/a-32-ans-anthony-turgis-quitte-totalenergies-pour-rejoindre-astana-avec-un-enjeu-simple-prouver-quil-peut-encore-gagner","title":{"rendered":"\u00c0 32 ans, Anthony Turgis quitte TotalEnergies pour rejoindre Astana avec un enjeu simple : prouver qu\u2019il peut encore gagner"},"content":{"rendered":"\n<p class=\"wp-block-paragraph\"><strong>Anthony Turgis s&rsquo;appr\u00eate \u00e0 tourner la page TotalEnergies pour rejoindre XDS-Astana, un premier d\u00e9part \u00e0 l&rsquo;\u00e9tranger qui ressemble moins \u00e0 une fin de cycle qu&rsquo;\u00e0 un dernier grand test sportif.<\/strong><\/p>\n\n\n\n<p class=\"wp-block-paragraph\">\u00c0 32 ans, le Fran\u00e7ais arrive \u00e0 un moment charni\u00e8re. Il n&rsquo;est plus seulement question de changer de maillot apr\u00e8s huit saisons dans la m\u00eame structure : ce transfert doit aussi dire s&rsquo;il peut encore gagner au plus haut niveau.<\/p>\n\n\n\n<p class=\"wp-block-paragraph\">Arriv\u00e9 en 2019 chez TotalEnergies, qui portait alors le nom <strong>Total Direct Energie<\/strong>, Turgis doit quitter l&rsquo;\u00e9quipe vend\u00e9enne au terme de son contrat. La destination annonc\u00e9e est <strong>XDS-Astana<\/strong>, avec un engagement de deux saisons.<\/p>\n\n\n\n<h2 class=\"wp-block-heading\">Un d\u00e9part qui coupe un cycle long chez TotalEnergies<\/h2>\n\n\n\n<p class=\"wp-block-paragraph\">Le mouvement est fort parce qu&rsquo;il rompt une vraie continuit\u00e9. Avant TotalEnergies, <strong>Anthony Turgis<\/strong> avait couru chez Cofidis entre 2014 et 2018. Depuis 2019, son identit\u00e9 sportive \u00e9tait tr\u00e8s li\u00e9e \u00e0 la formation vend\u00e9enne.<\/p>\n\n\n\n<p class=\"wp-block-paragraph\">Cette stabilit\u00e9 n&rsquo;\u00e9tait pas qu&rsquo;une impression.\u00a0<strong>L&rsquo;\u00e9quipe TotalEnergies<\/strong>\u00a0avait annonc\u00e9 qu&rsquo;il \u00e9tait li\u00e9 \u00e0 l&rsquo;\u00e9quipe vend\u00e9enne jusqu&rsquo;en 2025, preuve d&rsquo;un lien install\u00e9 dans la dur\u00e9e.<\/p>\n\n\n\n<p class=\"wp-block-paragraph\">Dans ce parcours, <strong>Astana<\/strong> marque donc une vraie rupture. Le coureur fran\u00e7ais s&rsquo;offre son premier d\u00e9fi \u00e0 l&rsquo;\u00e9tranger, dans une \u00e9quipe au fonctionnement diff\u00e9rent, dirig\u00e9e par Alexandre Vinokourov.<\/p>\n\n\n\n<h2 class=\"wp-block-heading\">Astana, un pari sportif plus qu&rsquo;un simple changement de maillot<\/h2>\n\n\n\n<p class=\"wp-block-paragraph\">Le d\u00e9tail qui change tout tient \u00e0 son \u00e2ge et \u00e0 son calendrier de victoires. <strong>Anthony Turgis<\/strong> a 32 ans et reste sur un succ\u00e8s majeur : la 9e \u00e9tape du Tour de France 2024, remport\u00e9e entre Troyes et Troyes. Cette victoire est aussi pr\u00e9sent\u00e9e comme sa derni\u00e8re.<\/p>\n\n\n\n<p class=\"wp-block-paragraph\">C&rsquo;est l\u00e0 que le pari <strong>Astana<\/strong> prend du poids. Turgis ne part pas chercher une d\u00e9couverte tranquille. Il part dans une \u00e9quipe o\u00f9 il devra prouver qu&rsquo;il peut encore peser, saisir des ouvertures et exister autrement que par son pass\u00e9 r\u00e9cent sur le Tour.<\/p>\n\n\n\n<p class=\"wp-block-paragraph\">Son profil garde une base solide. Ouest-France rappelle qu&rsquo;il a \u00e9t\u00e9 <strong>champion de France<\/strong> cadets en 2010 avant de passer professionnel en 2014. Ce fil de carri\u00e8re compte : Turgis n&rsquo;a jamais \u00e9t\u00e9 un coureur arriv\u00e9 par hasard dans le peloton, mais un puncheur capable de tenir dans les courses dures.<\/p>\n\n\n\n<h2 class=\"wp-block-heading\">Un transfert qui s&rsquo;inscrit \u00e9galement dans le mouvement autour de TotalEnergies<\/h2>\n\n\n\n<p class=\"wp-block-paragraph\"><strong>Anthony Turgis<\/strong> ne devrait pas arriver seul dans ce nouveau d\u00e9cor. Il doit retrouver <strong>Nicolas Breuillard<\/strong>, son collaborateur actuel chez TotalEnergies, lui aussi annonc\u00e9 chez <strong>XDS-Astana<\/strong> pour les deux prochaines saisons.<\/p>\n\n\n\n<p class=\"wp-block-paragraph\">Ce double d\u00e9part donne une autre lecture au dossier. Pour Turgis, l&rsquo;enjeu individuel est clair : sortir d&rsquo;un environnement connu, retrouver de l&rsquo;espace, et transformer ce changement en r\u00e9sultats. Pour TotalEnergies, c&rsquo;est une perte d&rsquo;exp\u00e9rience suppl\u00e9mentaire autour d&rsquo;un coureur qui avait offert une victoire de prestige sur le Tour.<\/p>\n\n\n\n<p class=\"wp-block-paragraph\">La reprise r\u00e9cente au Tour Poitou-Charentes en Nouvelle-Aquitaine, conclue \u00e0 la 36e place du g\u00e9n\u00e9ral, ne raconte pas encore la suite. Elle rappelle seulement que Turgis est revenu en course apr\u00e8s le Tour, avant une bascule annonc\u00e9e vers 2027 dans le peloton du <strong><a href=\"https:\/\/mvz-sports.com\/fr\/cyclisme\">cyclisme<\/a><\/strong> professionnel.<\/p>\n\n\n\n<p class=\"wp-block-paragraph\">Le dossier tient donc en une question simple : Astana lui donnera-t-elle le cadre pour redevenir un coureur qui gagne, et pas seulement un ancien vainqueur d&rsquo;\u00e9tape sur le Tour ? \u00c0 32 ans, Anthony Turgis n&rsquo;a pas besoin d&rsquo;un transfert symbolique. Il a besoin d&rsquo;un transfert utile.<\/p>\n\n\n\n<pre class=\"wp-block-preformatted\"><\/pre>\n\n\n\n<p class=\"wp-block-paragraph\"><\/p>\n","protected":false},"excerpt":{"rendered":"<p>Anthony Turgis s&rsquo;appr\u00eate \u00e0 tourner la page TotalEnergies pour rejoindre XDS-Astana, un premier d\u00e9part \u00e0 l&rsquo;\u00e9tranger qui ressemble moins \u00e0 une fin de cycle qu&rsquo;\u00e0 un dernier grand test sportif. \u00c0 32 ans, le Fran\u00e7ais arrive \u00e0 un moment charni\u00e8re. Il n&rsquo;est plus seulement question de changer de maillot apr\u00e8s huit saisons dans la m\u00eame [&hellip;]<\/p>\n","protected":false},"author":2,"featured_media":55150,"comment_status":"open","ping_status":"open","sticky":false,"template":"","format":"standard","meta":{"_acf_changed":false,"_seopress_robots_primary_cat":"none","_seopress_titles_title":"","_seopress_titles_desc":"","_seopress_robots_index":"","footnotes":""},"categories":[38],"tags":[],"class_list":["post-55147","post","type-post","status-publish","format-standard","has-post-thumbnail","hentry","category-cyclisme"],"acf":[],"_links":{"self":[{"href":"https:\/\/mvz-sports.com\/fr\/wp-json\/wp\/v2\/posts\/55147","targetHints":{"allow":["GET"]}}],"collection":[{"href":"https:\/\/mvz-sports.com\/fr\/wp-json\/wp\/v2\/posts"}],"about":[{"href":"https:\/\/mvz-sports.com\/fr\/wp-json\/wp\/v2\/types\/post"}],"author":[{"embeddable":true,"href":"https:\/\/mvz-sports.com\/fr\/wp-json\/wp\/v2\/users\/2"}],"replies":[{"embeddable":true,"href":"https:\/\/mvz-sports.com\/fr\/wp-json\/wp\/v2\/comments?post=55147"}],"version-history":[{"count":2,"href":"https:\/\/mvz-sports.com\/fr\/wp-json\/wp\/v2\/posts\/55147\/revisions"}],"predecessor-version":[{"id":55152,"href":"https:\/\/mvz-sports.com\/fr\/wp-json\/wp\/v2\/posts\/55147\/revisions\/55152"}],"wp:featuredmedia":[{"embeddable":true,"href":"https:\/\/mvz-sports.com\/fr\/wp-json\/wp\/v2\/media\/55150"}],"wp:attachment":[{"href":"https:\/\/mvz-sports.com\/fr\/wp-json\/wp\/v2\/media?parent=55147"}],"wp:term":[{"taxonomy":"category","embeddable":true,"href":"https:\/\/mvz-sports.com\/fr\/wp-json\/wp\/v2\/categories?post=55147"},{"taxonomy":"post_tag","embeddable":true,"href":"https:\/\/mvz-sports.com\/fr\/wp-json\/wp\/v2\/tags?post=55147"}],"curies":[{"name":"wp","href":"https:\/\/api.w.org\/{rel}","templated":true}]}}