{"id":55173,"date":"2026-08-30T15:30:00","date_gmt":"2026-08-30T13:30:00","guid":{"rendered":"https:\/\/mvz-sports.com\/fr\/?p=55173"},"modified":"2026-08-30T15:25:39","modified_gmt":"2026-08-30T13:25:39","slug":"son-etat-est-stable-uae-rassure-sur-pogacar-mais-le-bilan-reste-lourd-le-leader-contraint-dabandonner-la-vuelta","status":"publish","type":"post","link":"https:\/\/mvz-sports.com\/fr\/cyclisme\/news\/son-etat-est-stable-uae-rassure-sur-pogacar-mais-le-bilan-reste-lourd-le-leader-contraint-dabandonner-la-vuelta","title":{"rendered":"\u00ab Son \u00e9tat est stable \u00bb : UAE rassure sur Pogacar, mais le bilan reste lourd, le leader contraint d&rsquo;abandonner la Vuelta"},"content":{"rendered":"\n<p class=\"wp-block-paragraph\"><strong>UAE Team Emirates-XRG se veut rassurante sur l&rsquo;\u00e9tat de Tadej Pogacar, mais l&rsquo;abandon du maillot rouge sur la Vuelta laisse un bilan m\u00e9dical et sportif particuli\u00e8rement lourd.<\/strong><\/p>\n\n\n\n<p class=\"wp-block-paragraph\">La 8e \u00e9tape du Tour d&rsquo;Espagne a bascul\u00e9 loin de l&rsquo;arriv\u00e9e. Tomb\u00e9 samedi 29 ao\u00fbt, <strong>Tadej Pogacar<\/strong> n&rsquo;a pas pu repartir et a quitt\u00e9 la course alors qu&rsquo;il portait le maillot rouge de la plus grande \u00e9preuve de <strong><a href=\"https:\/\/mvz-sports.com\/fr\/cyclisme\">cyclisme<\/a><\/strong> de cette fin de saison.<\/p>\n\n\n\n<p class=\"wp-block-paragraph\">Le message m\u00e9dical envoy\u00e9 par <strong>UAE Team Emirates-XRG<\/strong> contient une formule rassurante : \u00ab Son \u00e9tat est stable \u00bb. Mais derri\u00e8re cette phrase, la liste des blessures suffit \u00e0 mesurer la violence de la chute.<\/p>\n\n\n\n<h2 class=\"wp-block-heading\">Un \u00e9tat stable, mais plusieurs blessures graves<\/h2>\n\n\n\n<p class=\"wp-block-paragraph\"><strong>Adrian Rotunno<\/strong>, directeur m\u00e9dical de l&rsquo;<strong>UAE Team Emirates-XRG<\/strong>, annonce que Pogacar a subi un examen approfondi \u00e0 l&rsquo;h\u00f4pital. Le communiqu\u00e9 diagnostique par l&rsquo;\u00e9quipe fait \u00e9tat d&rsquo;une commotion c\u00e9r\u00e9brale, d&rsquo;une fracture d\u00e9plac\u00e9e de la clavicule gauche, d&rsquo;une fracture cervicale stable au niveau de la vert\u00e8bre C7 et de multiples \u00e9corchures.<\/p>\n\n\n\n<p class=\"wp-block-paragraph\">Le point le plus rassurant concerne l&rsquo;absence d&rsquo;autre blessure grave signal\u00e9e et l&rsquo;absence de s\u00e9quelles neurologiques mentionn\u00e9es par l&rsquo;\u00e9quipe m\u00e9dicale. Dans ce type de chute, cette pr\u00e9cision compte autant que le reste du diagnostic.<\/p>\n\n\n\n<p class=\"wp-block-paragraph\">La clavicule devra tout de m\u00eame \u00eatre exploit\u00e9e. UAE pr\u00e9cise que l&rsquo;intervention est rapport\u00e9e par pr\u00e9caution en raison de la commotion c\u00e9r\u00e9brale. Pogacar reste sous surveillance m\u00e9dicale, avec de nouvelles informations attendues apr\u00e8s l&rsquo;op\u00e9ration.<\/p>\n\n\n\n<h2 class=\"wp-block-heading\">La Vuelta perd son leader en pleine course<\/h2>\n\n\n\n<p class=\"wp-block-paragraph\">Sur le plan sportif, le choc est imm\u00e9diat. La <strong>Vuelta<\/strong> indique que <strong>Pogacar<\/strong> est tomb\u00e9 \u00e0 33 kilom\u00e8tres de l&rsquo;arriv\u00e9e de l&rsquo;\u00e9tape entre Pu\u00e7ol et Xeraco. Le Slov\u00e8ne n&rsquo;a pas atteint la ligne, dans une journ\u00e9e qui devait offrir une transition plus calme entre deux rendez-vous de montagne.<\/p>\n\n\n\n<p class=\"wp-block-paragraph\">Le communiqu\u00e9 de course de La Vuelta r\u00e9sume l&rsquo;ampleur du s\u00e9isme : le leader du classement g\u00e9n\u00e9ral n&rsquo;a pas termin\u00e9 l&rsquo;\u00e9tape. Enric Mas devient le nouveau maillot rouge, avec un classement g\u00e9n\u00e9ral r\u00e9current.<\/p>\n\n\n\n<p class=\"wp-block-paragraph\">La course souligne aussi un d\u00e9tail fort : Pogacar n&rsquo;avait jamais quitt\u00e9 une course \u00e0 \u00e9tapes chez les professionnels. Son abandon ne ressemble donc pas \u00e0 un simple incident de parcours. Il coupe net une Vuelta qu&rsquo;il abordait avec l&rsquo;objectif de compl\u00e9ter encore un peu plus son palmar\u00e8s sur les Grands Tours.<\/p>\n\n\n\n<h2 class=\"wp-block-heading\">UAE encaisse un coup dur malgr\u00e9 une \u00e9quipe tr\u00e8s solide<\/h2>\n\n\n\n<p class=\"wp-block-paragraph\">Pour <strong>UAE Team Emirates-XRG<\/strong>, la chute d\u00e9passe le cas d&rsquo;un leader isol\u00e9. L&rsquo;\u00e9quipe arrive dans cette s\u00e9quence avec une profondeur rarement vue dans le peloton. Sur le Tour de France, l&rsquo;organisation officielle de la course rappelle qu&rsquo;UAE avait domin\u00e9 le classement par \u00e9quipes et plac\u00e9 deux lieutenants parmi les six premiers du g\u00e9n\u00e9ral : Joao Almeida 4e et Adam Yates 6e.<\/p>\n\n\n\n<p class=\"wp-block-paragraph\">Ce contexte rend l\u2019abandon de Pogacar encore plus frappant. <strong>UAE<\/strong> a les moyens collectifs pour peser sur les grandes courses, mais perdre son leader sur chute, avec une op\u00e9ration \u00e0 venir et une commotion c\u00e9r\u00e9brale \u00e0 g\u00e9rer, changer forc\u00e9ment la fin de saison.<\/p>\n\n\n\n<p class=\"wp-block-paragraph\">L&rsquo;\u00e9quipe peut rassurer sur l&rsquo;\u00e9tat stable de son coureur. Elle ne peut pas effacer le reste : une clavicule \u00e0 op\u00e9rer, une vert\u00e8bre cervicale touch\u00e9e, une Vuelta perdue et une suite sportive d\u00e9sormais suspendue aux prochains examens.<\/p>\n","protected":false},"excerpt":{"rendered":"<p>UAE Team Emirates-XRG se veut rassurante sur l&rsquo;\u00e9tat de Tadej Pogacar, mais l&rsquo;abandon du maillot rouge sur la Vuelta laisse un bilan m\u00e9dical et sportif particuli\u00e8rement lourd. La 8e \u00e9tape du Tour d&rsquo;Espagne a bascul\u00e9 loin de l&rsquo;arriv\u00e9e. Tomb\u00e9 samedi 29 ao\u00fbt, Tadej Pogacar n&rsquo;a pas pu repartir et a quitt\u00e9 la course alors qu&rsquo;il [&hellip;]<\/p>\n","protected":false},"author":2,"featured_media":55179,"comment_status":"open","ping_status":"open","sticky":false,"template":"","format":"standard","meta":{"_acf_changed":false,"_seopress_robots_primary_cat":"none","_seopress_titles_title":"","_seopress_titles_desc":"","_seopress_robots_index":"","footnotes":""},"categories":[38],"tags":[],"class_list":["post-55173","post","type-post","status-publish","format-standard","has-post-thumbnail","hentry","category-cyclisme"],"acf":[],"_links":{"self":[{"href":"https:\/\/mvz-sports.com\/fr\/wp-json\/wp\/v2\/posts\/55173","targetHints":{"allow":["GET"]}}],"collection":[{"href":"https:\/\/mvz-sports.com\/fr\/wp-json\/wp\/v2\/posts"}],"about":[{"href":"https:\/\/mvz-sports.com\/fr\/wp-json\/wp\/v2\/types\/post"}],"author":[{"embeddable":true,"href":"https:\/\/mvz-sports.com\/fr\/wp-json\/wp\/v2\/users\/2"}],"replies":[{"embeddable":true,"href":"https:\/\/mvz-sports.com\/fr\/wp-json\/wp\/v2\/comments?post=55173"}],"version-history":[{"count":1,"href":"https:\/\/mvz-sports.com\/fr\/wp-json\/wp\/v2\/posts\/55173\/revisions"}],"predecessor-version":[{"id":55180,"href":"https:\/\/mvz-sports.com\/fr\/wp-json\/wp\/v2\/posts\/55173\/revisions\/55180"}],"wp:featuredmedia":[{"embeddable":true,"href":"https:\/\/mvz-sports.com\/fr\/wp-json\/wp\/v2\/media\/55179"}],"wp:attachment":[{"href":"https:\/\/mvz-sports.com\/fr\/wp-json\/wp\/v2\/media?parent=55173"}],"wp:term":[{"taxonomy":"category","embeddable":true,"href":"https:\/\/mvz-sports.com\/fr\/wp-json\/wp\/v2\/categories?post=55173"},{"taxonomy":"post_tag","embeddable":true,"href":"https:\/\/mvz-sports.com\/fr\/wp-json\/wp\/v2\/tags?post=55173"}],"curies":[{"name":"wp","href":"https:\/\/api.w.org\/{rel}","templated":true}]}}