{"id":55176,"date":"2026-08-30T16:30:00","date_gmt":"2026-08-30T14:30:00","guid":{"rendered":"https:\/\/mvz-sports.com\/fr\/?p=55176"},"modified":"2026-08-30T15:34:26","modified_gmt":"2026-08-30T13:34:26","slug":"lun-des-plus-grands-honneurs-de-ma-vie-roger-federer-en-larmes-apres-son-intronisation-au-pantheon-du-tennis","status":"publish","type":"post","link":"https:\/\/mvz-sports.com\/fr\/tennis\/news\/lun-des-plus-grands-honneurs-de-ma-vie-roger-federer-en-larmes-apres-son-intronisation-au-pantheon-du-tennis","title":{"rendered":"\u00ab L\u2019un des plus grands honneurs de ma vie \u00bb : Roger Federer en larmes apr\u00e8s son intronisation au panth\u00e9on du tennis"},"content":{"rendered":"\n<p class=\"wp-block-paragraph\"><strong>Roger Federer a v\u00e9cu son entr\u00e9e au Panth\u00e9on international du tennis comme un retour aux racines : beaucoup de larmes, quelques blagues, et une phrase qui r\u00e9sume son lien \u00e0 ce sport.<\/strong><\/p>\n\n\n\n<p class=\"wp-block-paragraph\">Samedi, \u00e0 Newport dans le Rhode Island, l&rsquo;ancien num\u00e9ro un mondial a d\u00e9sormais rejoint l&rsquo;International Tennis Hall of Fame. La sc\u00e8ne avait tout d&rsquo;un hommage attendu pour un joueur aux 20 titres du Grand Chelem. Elle a surtout pris la forme d&rsquo;un moment intime.<\/p>\n\n\n\n<p class=\"wp-block-paragraph\">Federer, 45 ans, a essuy\u00e9 ses premi\u00e8res larmes d\u00e8s son arriv\u00e9e sur le podium. Son \u00e9pouse Mirka Vavrinec venait de l&rsquo;introniser. Devant plusieurs l\u00e9gendes du <a href=\"https:\/\/mvz-sports.com\/fr\/tennis\">tennis<\/a>, le Suisse a ensuite d\u00e9roul\u00e9 un discours entre gratitude, souvenirs et autod\u00e9rision.<\/p>\n\n\n\n<h2 class=\"wp-block-heading\">Federer submerg\u00e9 d\u00e8s son entr\u00e9e au Hall of Fame<\/h2>\n\n\n\n<p class=\"wp-block-paragraph\">La citation forte est arriv\u00e9e tr\u00e8s vite : \u00ab C&rsquo;est l&rsquo;un des plus grands honneurs de ma vie \u00bb, a d\u00e9clar\u00e9 <strong>Roger Federer<\/strong>. Mais l&rsquo;ancien joueur a imm\u00e9diatement ramen\u00e9 cette reconnaissance \u00e0 quelque chose de plus personnel que la c\u00e9l\u00e9brit\u00e9.<\/p>\n\n\n\n<p class=\"wp-block-paragraph\">\u00ab On appelle cela le Hall of Fame, mais la renomm\u00e9e n&rsquo;a jamais \u00e9t\u00e9 mon objectif \u00bb, a-t-il poursuivi. \u00ab Mon objectif \u00e9tait de passer ma vie \u00e0 faire quelque chose que j&rsquo;aime&#8230; avec des gens qui l&rsquo;aiment autant que moi. \u00bb<\/p>\n\n\n\n<p class=\"wp-block-paragraph\">Cette phrase donne le ton de la soir\u00e9e. Federer n&rsquo;a pas seulement re\u00e7u une place dans l&rsquo;histoire officielle du tennis. Il a surtout racont\u00e9 ce que ce sport lui a construit : une famille autour du circuit, des rivalit\u00e9s devenues des rep\u00e8res, et une carri\u00e8re qu&rsquo;il regarde d\u00e9sormais depuis l&rsquo;autre c\u00f4t\u00e9 de la ligne.<\/p>\n\n\n\n<h2 class=\"wp-block-heading\">Un discours entre larmes, humour et chiffres tr\u00e8s Federer<\/h2>\n\n\n\n<p class=\"wp-block-paragraph\">Le Suisse a aussi choisi l&rsquo;humour pour tenir l&rsquo;\u00e9motion \u00e0 distance. Il a \u00e9voqu\u00e9 les statistiques moins solennelles de sa carri\u00e8re, loin des troph\u00e9es et des records habituels.<\/p>\n\n\n\n<p class=\"wp-block-paragraph\">\u00ab Entre 1998, date \u00e0 laquelle j&rsquo;ai fait mes d\u00e9buts sur le circuit ATP, et ma retraite en 2022, j&rsquo;ai port\u00e9 plus de 5.000 bandeaux. C&rsquo;est plus que Bj\u00f6rn Borg et John McEnroe r\u00e9unis \u00bb, a-t-il lanc\u00e9.<\/p>\n\n\n\n<p class=\"wp-block-paragraph\">Le trait amuse, mais il dit aussi quelque chose de son parcours : Federer a travers\u00e9 plus de deux d\u00e9cennies de tennis professionnel, jusqu&rsquo;\u00e0 devenir l&rsquo;une des figures les plus reconnaissables de son sport. Ses 310 semaines ont pass\u00e9 \u00e0 la premi\u00e8re place du classement ATP placent d\u00e9j\u00e0 son nom dans une zone \u00e0 part.<\/p>\n\n\n\n<p class=\"wp-block-paragraph\">Pour donner la mesure de cette long\u00e9vit\u00e9,\u00a0Ouest-France\u00a0rappelle que <strong>Roger Federer<\/strong> a remport\u00e9 le 101e titre de sa carri\u00e8re au Masters 1000 de Miami fin mars. Ce chiffre n&rsquo;est pas au c\u0153ur de la c\u00e9r\u00e9monie de Newport, mais il \u00e9claire la trace laiss\u00e9e par la Suisse avant sa retraite en 2022.<\/p>\n\n\n\n<h2 class=\"wp-block-heading\">Une lettre d&rsquo;amour au tennis plus qu&rsquo;un adieu<\/h2>\n\n\n\n<p class=\"wp-block-paragraph\"><strong>Federer<\/strong> a rendu hommage \u00e0 ses adversaires, aux officiels, aux fans, \u00e0 sa famille et aux membres de ses diff\u00e9rents staffs. L&rsquo;\u00e9motion est revenue lorsqu&rsquo;il a cit\u00e9 Stefan Edberg, son idole, avec qui il avait jou\u00e9 une double d&rsquo;exposition la veille.<\/p>\n\n\n\n<p class=\"wp-block-paragraph\">\u00ab J&rsquo;ai besoin de mouchoirs, de lunettes de soleil et de tout ce qu&rsquo;il faut pour me prot\u00e9ger en ce moment \u00bb, a plaisant\u00e9 Federer. \u00ab C&rsquo;est un vrai d\u00e9sastre. \u00bb La formule colle bien au personnage : \u00e9l\u00e9gant, touch\u00e9, mais encore capable de casser la solennit\u00e9 d&rsquo;un sourire.<\/p>\n\n\n\n<p class=\"wp-block-paragraph\">Sa conclusion a referm\u00e9 la soir\u00e9e sur une id\u00e9e simple. \u00ab Ma carri\u00e8re de joueur est termin\u00e9e, mais le tennis reste toujours au c\u0153ur de tout ce qui m&rsquo;est le plus cher \u00bb, at-il d\u00e9clar\u00e9, en citant sa famille, ses amiti\u00e9s et les quarante derni\u00e8res ann\u00e9es de sa vie.<\/p>\n\n\n\n<p class=\"wp-block-paragraph\">Ce Hall of Fame n&rsquo;a donc pas seulement consacr\u00e9 un palmar\u00e8s. Il a offert \u00e0 Federer un moment de bilan, sans couper le lien avec le jeu. Le joueur n&rsquo;est plus sur le circuit depuis 2022, mais son histoire avec le tennis continue clairement de s&rsquo;\u00e9crire.<\/p>\n\n\n\n<pre class=\"wp-block-preformatted\"><\/pre>\n\n\n\n<p class=\"wp-block-paragraph\"><\/p>\n","protected":false},"excerpt":{"rendered":"<p>Roger Federer a v\u00e9cu son entr\u00e9e au Panth\u00e9on international du tennis comme un retour aux racines : beaucoup de larmes, quelques blagues, et une phrase qui r\u00e9sume son lien \u00e0 ce sport. Samedi, \u00e0 Newport dans le Rhode Island, l&rsquo;ancien num\u00e9ro un mondial a d\u00e9sormais rejoint l&rsquo;International Tennis Hall of Fame. La sc\u00e8ne avait tout [&hellip;]<\/p>\n","protected":false},"author":6,"featured_media":55181,"comment_status":"open","ping_status":"open","sticky":false,"template":"","format":"standard","meta":{"_acf_changed":false,"_seopress_robots_primary_cat":"none","_seopress_titles_title":"","_seopress_titles_desc":"","_seopress_robots_index":"","footnotes":""},"categories":[4],"tags":[],"class_list":["post-55176","post","type-post","status-publish","format-standard","has-post-thumbnail","hentry","category-tennis"],"acf":[],"_links":{"self":[{"href":"https:\/\/mvz-sports.com\/fr\/wp-json\/wp\/v2\/posts\/55176","targetHints":{"allow":["GET"]}}],"collection":[{"href":"https:\/\/mvz-sports.com\/fr\/wp-json\/wp\/v2\/posts"}],"about":[{"href":"https:\/\/mvz-sports.com\/fr\/wp-json\/wp\/v2\/types\/post"}],"author":[{"embeddable":true,"href":"https:\/\/mvz-sports.com\/fr\/wp-json\/wp\/v2\/users\/6"}],"replies":[{"embeddable":true,"href":"https:\/\/mvz-sports.com\/fr\/wp-json\/wp\/v2\/comments?post=55176"}],"version-history":[{"count":2,"href":"https:\/\/mvz-sports.com\/fr\/wp-json\/wp\/v2\/posts\/55176\/revisions"}],"predecessor-version":[{"id":55183,"href":"https:\/\/mvz-sports.com\/fr\/wp-json\/wp\/v2\/posts\/55176\/revisions\/55183"}],"wp:featuredmedia":[{"embeddable":true,"href":"https:\/\/mvz-sports.com\/fr\/wp-json\/wp\/v2\/media\/55181"}],"wp:attachment":[{"href":"https:\/\/mvz-sports.com\/fr\/wp-json\/wp\/v2\/media?parent=55176"}],"wp:term":[{"taxonomy":"category","embeddable":true,"href":"https:\/\/mvz-sports.com\/fr\/wp-json\/wp\/v2\/categories?post=55176"},{"taxonomy":"post_tag","embeddable":true,"href":"https:\/\/mvz-sports.com\/fr\/wp-json\/wp\/v2\/tags?post=55176"}],"curies":[{"name":"wp","href":"https:\/\/api.w.org\/{rel}","templated":true}]}}