{"id":55184,"date":"2026-08-30T18:35:00","date_gmt":"2026-08-30T16:35:00","guid":{"rendered":"https:\/\/mvz-sports.com\/fr\/?p=55184"},"modified":"2026-08-30T15:43:10","modified_gmt":"2026-08-30T13:43:10","slug":"travail-patience-sacrifice-bryan-coquard-resume-en-trois-mots-treize-ans-dattente-en-remportant-sa-premiere-etape-de-grand-tour","status":"publish","type":"post","link":"https:\/\/mvz-sports.com\/fr\/cyclisme\/news\/travail-patience-sacrifice-bryan-coquard-resume-en-trois-mots-treize-ans-dattente-en-remportant-sa-premiere-etape-de-grand-tour","title":{"rendered":"\u00ab Travail, patience, sacrifice \u00bb : Bryan Coquard r\u00e9sume en trois mots treize ans d\u2019attente en remportant sa premi\u00e8re \u00e9tape de grand tour"},"content":{"rendered":"\n<p class=\"wp-block-paragraph\"><strong>Treize et apr\u00e8s ses d\u00e9buts professionnels, Bryan Coquard a enfin trouv\u00e9 la ligne qu&rsquo;il cherchait : une victoire d&rsquo;\u00e9tape sur un Grand Tour, r\u00e9sum\u00e9e par trois mots lourds de sens, \u00ab travail, patience, sacrifice \u00bb.<\/strong><\/p>\n\n\n\n<p class=\"wp-block-paragraph\">La 8e \u00e9tape de la Vuelta, entre Pucol et Xeraco, a offert \u00e0 <strong>Bryan Coquard<\/strong> ce que ses sprints pass\u00e9s lui avaient souvent refus\u00e9. \u00c0 34 ans, le coureur de Cofidis s&rsquo;est impos\u00e9 au bout d&rsquo;une finale serr\u00e9e, devant Mads Pedersen, avec cette marge minuscule qui change une carri\u00e8re.<\/p>\n\n\n\n<p class=\"wp-block-paragraph\">La sc\u00e8ne p\u00e8se plus qu\u2019un simple r\u00e9sultat. Coquard tra\u00eenait depuis longtemps l&rsquo;image du sprinteur capable d&rsquo;\u00eatre plac\u00e9 partout, mais pas encore vainqueur sur une \u00e9tape de Grand Tour. Cette fois, la photo-finish n\u2019a pas d\u00e9couvert une blessure. Elle a ferm\u00e9 une attente.<\/p>\n\n\n\n<h2 class=\"wp-block-heading\">La victoire qui donne enfin un sens aux places d&rsquo;honneur<\/h2>\n\n\n\n<p class=\"wp-block-paragraph\">Le poids de ce succ\u00e8s vient de la chronologie. Bryan Coquard court chez les professionnels du <strong><a href=\"https:\/\/mvz-sports.com\/fr\/cyclisme\">cyclisme<\/a><\/strong> depuis treize ans. Avant Xeraco, il avait d\u00e9j\u00e0 touch\u00e9 du doigt ce type de moment, sans le saisir.<\/p>\n\n\n\n<p class=\"wp-block-paragraph\">Sur le Tour de France, ses deux d\u00e9faites les plus marquantes \u00e9taient conserv\u00e9es dans les m\u00e9moires : deuxi\u00e8me derri\u00e8re Andr\u00e9 Greipel sur les Champs-\u00c9lys\u00e9es en 2015, puis battu d&rsquo;un rien par Marcel Kittel \u00e0 Limoges en 2016. Deux arriv\u00e9es qui pourraient annoncer une suite rapide. Elle a mis une d\u00e9cennie \u00e0 venir.<\/p>\n\n\n\n<p class=\"wp-block-paragraph\">La phrase l\u00e2ch\u00e9e apr\u00e8s l&rsquo;arriv\u00e9e dit justement cette accumulation : \u00ab C&rsquo;est beaucoup de travail, de patience, de sacrifice pour en arriver l\u00e0 \u00bb. Elle fonctionne parce qu&rsquo;elle ne raconte pas seulement la joie du jour. Elle remet dans le m\u00eame cadre les podiums, les top 10, les places de deuxi\u00e8me et les saisons o\u00f9 la victoire de r\u00e9f\u00e9rence restait hors de port\u00e9e.<\/p>\n\n\n\n<p class=\"wp-block-paragraph\">Le contexte rend la s\u00e9quence encore plus forte. Coquard avait chut\u00e9 plus t\u00f4t dans la semaine, avec le coude pans\u00e9, et la Vuelta avait d\u00e9j\u00e0 impos\u00e9 une grosse fatigue au peloton. Gagner dans ces conditions, au huiti\u00e8me jour, ajoute une couche \u00e0 ce succ\u00e8s : il ne sort pas d&rsquo;un sprint propre et lin\u00e9aire, mais d&rsquo;une course qui avait d\u00e9j\u00e0 commenc\u00e9 \u00e0 user les organismes.<\/p>\n\n\n\n<h2 class=\"wp-block-heading\">Un sprinteur qui a chang\u00e9 sa mani\u00e8re de gagner<\/h2>\n\n\n\n<p class=\"wp-block-paragraph\">Cette victoire ne tombe pas sur le profil le plus \u00e9vident d&rsquo;un sprinteur pur. Le Puerto de Barx, 8,6 km \u00e0 3,8 %, \u00e9tait plac\u00e9 \u00e0 24 km de l&rsquo;arriv\u00e9e. Ce n&rsquo;\u00e9tait pas un mur, mais assez pour filtrer, fatiguer et d\u00e9sorganiser.<\/p>\n\n\n\n<p class=\"wp-block-paragraph\"><strong>Bryan Coquard<\/strong> avait d\u00e9j\u00e0 donn\u00e9 des signes de cette \u00e9volution. Au Tour Down Under 2023, il avait remport\u00e9 un premier succ\u00e8s important dans la meilleure cat\u00e9gorie d&rsquo;\u00e9preuve. Au Tour de Suisse l&rsquo;ann\u00e9e suivante, \u00e0 Regensdorf, il avait gagn\u00e9 apr\u00e8s avoir pass\u00e9 une bosse exigeante \u00e0 10 km de l&rsquo;arriv\u00e9e, devant Michael Matthews. Le fil est clair : moins d\u00e9pendre du sprint plat parfait, davantage mettre sur sa r\u00e9sistance et son punch.<\/p>\n\n\n\n<p class=\"wp-block-paragraph\">Son propre discours allait dans ce sens. Coquard a expliqu\u00e9 vouloir passer d&rsquo;un des meilleurs sprinteurs capables de grimper \u00e0 un profil de sprinteur-puncheur, dans l&rsquo;esprit d&rsquo;un Michael Matthews. La Vuelta lui a donn\u00e9 le terrain id\u00e9al pour transformer cette id\u00e9e en r\u00e9sultat.<\/p>\n\n\n\n<p class=\"wp-block-paragraph\">L&rsquo;\u00e9quipe Cofidis rappelait d\u00e9j\u00e0 en 2025 qu&rsquo;\u00e0 33 ans, Bryan Coquard faisait partie des rares coureurs \u00e0 compter plus de 50 victoires chez les professionnels. Ce chiffre \u00e9claire l&rsquo;anomalie qui repr\u00e9sentait encore l&rsquo;absence de victoire sur un Grand Tour : le palmar\u00e8s existait, mais il lui manquait cette ligne capable de parler \u00e0 tout le monde.<\/p>\n\n\n\n<h2 class=\"wp-block-heading\">Le r\u00f4le de Cofidis et d&rsquo;Alexis Renard dans le moment cl\u00e9<\/h2>\n\n\n\n<p class=\"wp-block-paragraph\">La victoire tient aussi \u00e0 un collectif de construction. Rapha\u00ebl Jeune, arriv\u00e9 \u00e0 la t\u00eate de Cofidis pr\u00e8s d&rsquo;un an auparavant, avait fix\u00e9 d\u00e8s d\u00e9cembre un objectif pr\u00e9cis : mettre en place les conditions pour faire gagner Coquard sur un Grand Tour, avec la Vuelta comme cible.<\/p>\n\n\n\n<p class=\"wp-block-paragraph\">Cette pr\u00e9paration est pass\u00e9e par un travail plus sp\u00e9cifique, notamment une longue \u00e9tape en altitude pendant l&rsquo;\u00e9t\u00e9. Le choix dit beaucoup de la trajectoire du coureur : \u00e0 ce stade de sa carri\u00e8re, Coquard n&rsquo;avait pas besoin de devenir un autre sprinteur, mais de pousser plus loin ses qualit\u00e9s de r\u00e9sistance.<\/p>\n\n\n\n<p class=\"wp-block-paragraph\">Dans le final, Alexis Renard a \u00e9t\u00e9 l&rsquo;homme cl\u00e9. Son placement a permis \u00e0 Coquard de rester ouvert, puis de se replacer dans la derni\u00e8re courbe. Le sprint s&rsquo;est jou\u00e9 avec du vent de face et de c\u00f4t\u00e9, un d\u00e9tail qui rend le d\u00e9clenchement encore plus d\u00e9licat. Coquard attendait le bon moment. Quelques centim\u00e8tres ont suffi.<\/p>\n\n\n\n<p class=\"wp-block-paragraph\">Team Cofidis a d\u00e9crit ce succ\u00e8s comme la 12e victoire de sa saison, mais la port\u00e9e sportive d\u00e9passe le compteur collectif. Pour Coquard, cette \u00e9tape de la Vuelta change la lecture de treize ans de carri\u00e8re. Les places d&rsquo;honneur ne disparaissent pas. Elles deviennent le chemin vers ce jour-l\u00e0.<\/p>\n\n\n\n<p class=\"wp-block-paragraph\">Son arriv\u00e9e chez Cofidis avait d\u00e9j\u00e0 marqu\u00e9 un tournant : Ouest-France rapportait en 2023 que le sprinteur quittait B&amp;B Hotels pour rejoindre l&rsquo;\u00e9quipe nordiste jusqu&rsquo;en 2023. Quelques saisons plus tard, c&rsquo;est sous ce maillot que sa qu\u00eate en Grand Tour a enfin abouti.<\/p>\n\n\n\n<p class=\"wp-block-paragraph\">Le plus frappant, dans cette victoire, reste la sobri\u00e9t\u00e9 de son r\u00e9sum\u00e9. Trois mots, pas un discours : travail, patience, sacrifice. Pour un coureur souvent pass\u00e9 tout pr\u00e8s, ils suffisent \u00e0 raconter pourquoi ce sprint de Xeraco rapporte bien plus qu&rsquo;une \u00e9tape de plus dans un palmar\u00e8s.<\/p>\n\n\n\n<p class=\"wp-block-paragraph\"><\/p>\n","protected":false},"excerpt":{"rendered":"<p>Treize et apr\u00e8s ses d\u00e9buts professionnels, Bryan Coquard a enfin trouv\u00e9 la ligne qu&rsquo;il cherchait : une victoire d&rsquo;\u00e9tape sur un Grand Tour, r\u00e9sum\u00e9e par trois mots lourds de sens, \u00ab travail, patience, sacrifice \u00bb. La 8e \u00e9tape de la Vuelta, entre Pucol et Xeraco, a offert \u00e0 Bryan Coquard ce que ses sprints pass\u00e9s [&hellip;]<\/p>\n","protected":false},"author":2,"featured_media":55187,"comment_status":"open","ping_status":"open","sticky":false,"template":"","format":"standard","meta":{"_acf_changed":false,"_seopress_robots_primary_cat":"none","_seopress_titles_title":"","_seopress_titles_desc":"","_seopress_robots_index":"","footnotes":""},"categories":[38],"tags":[],"class_list":["post-55184","post","type-post","status-publish","format-standard","has-post-thumbnail","hentry","category-cyclisme"],"acf":[],"_links":{"self":[{"href":"https:\/\/mvz-sports.com\/fr\/wp-json\/wp\/v2\/posts\/55184","targetHints":{"allow":["GET"]}}],"collection":[{"href":"https:\/\/mvz-sports.com\/fr\/wp-json\/wp\/v2\/posts"}],"about":[{"href":"https:\/\/mvz-sports.com\/fr\/wp-json\/wp\/v2\/types\/post"}],"author":[{"embeddable":true,"href":"https:\/\/mvz-sports.com\/fr\/wp-json\/wp\/v2\/users\/2"}],"replies":[{"embeddable":true,"href":"https:\/\/mvz-sports.com\/fr\/wp-json\/wp\/v2\/comments?post=55184"}],"version-history":[{"count":2,"href":"https:\/\/mvz-sports.com\/fr\/wp-json\/wp\/v2\/posts\/55184\/revisions"}],"predecessor-version":[{"id":55189,"href":"https:\/\/mvz-sports.com\/fr\/wp-json\/wp\/v2\/posts\/55184\/revisions\/55189"}],"wp:featuredmedia":[{"embeddable":true,"href":"https:\/\/mvz-sports.com\/fr\/wp-json\/wp\/v2\/media\/55187"}],"wp:attachment":[{"href":"https:\/\/mvz-sports.com\/fr\/wp-json\/wp\/v2\/media?parent=55184"}],"wp:term":[{"taxonomy":"category","embeddable":true,"href":"https:\/\/mvz-sports.com\/fr\/wp-json\/wp\/v2\/categories?post=55184"},{"taxonomy":"post_tag","embeddable":true,"href":"https:\/\/mvz-sports.com\/fr\/wp-json\/wp\/v2\/tags?post=55184"}],"curies":[{"name":"wp","href":"https:\/\/api.w.org\/{rel}","templated":true}]}}