{"id":55190,"date":"2026-08-30T19:35:00","date_gmt":"2026-08-30T17:35:00","guid":{"rendered":"https:\/\/mvz-sports.com\/fr\/?p=55190"},"modified":"2026-08-30T16:08:19","modified_gmt":"2026-08-30T14:08:19","slug":"jai-prouve-que-jetais-au-niveau-des-meilleurs-sprinteurs-du-monde-paul-magnier-ne-se-cache-plus-et-assume-son-nouveau-statut-de-grand-coureur","status":"publish","type":"post","link":"https:\/\/mvz-sports.com\/fr\/cyclisme\/news\/jai-prouve-que-jetais-au-niveau-des-meilleurs-sprinteurs-du-monde-paul-magnier-ne-se-cache-plus-et-assume-son-nouveau-statut-de-grand-coureur","title":{"rendered":"\u00ab J\u2019ai prouv\u00e9 que j\u2019\u00e9tais au niveau des meilleurs sprinteurs du monde \u00bb : Paul Magnier ne se cache plus et assume son nouveau statut de grand coureur"},"content":{"rendered":"\n<p class=\"wp-block-paragraph\"><strong>Paul Magnier arrive \u00e0 Plouay avec une pancarte nouvelle sur les \u00e9paules : celle d&rsquo;un sprinteur qui ne veut plus seulement fr\u00f4ler la victoire, mais assumer son rang parmi les meilleurs.<\/strong><\/p>\n\n\n\n<p class=\"wp-block-paragraph\">La Bretagne Classic tombe \u00e0 un moment charni\u00e8re pour lui. Apr\u00e8s un \u00e9t\u00e9 d\u00e9j\u00e0 solide, le coureur de Soudal Quick-Step retrouve une course de <strong><a href=\"https:\/\/mvz-sports.com\/fr\/cyclisme\">cyclisme<\/a><\/strong> qui lui r\u00e9siste depuis deux ans, mais qui semble taill\u00e9e pour son profil.<\/p>\n\n\n\n<p class=\"wp-block-paragraph\">Deuxi\u00e8me en 2024 derri\u00e8re Marc Hirschi, puis quatri\u00e8me lors de l&rsquo;\u00e9dition suivante, Magnier n&rsquo;arrive plus dans le Morbihan avec le costume du jeune Fran\u00e7ais \u00e0 suivre. Il arrive avec celui d&rsquo;un favori surveill\u00e9, attendu, presque oblig\u00e9 de peser sur la course.<\/p>\n\n\n\n<h2 class=\"wp-block-heading\">Plouay, la course qui peut changer son automne<\/h2>\n\n\n\n<p class=\"wp-block-paragraph\">Le d\u00e9cor est clair : <strong>Paul Magnier<\/strong> tourne autour de la <strong>Bretagne Classic<\/strong> depuis deux \u00e9ditions. Sa deuxi\u00e8me place en 2024 avait d\u00e9j\u00e0 lanc\u00e9 un signal fort. Sa quatri\u00e8me place ensuite a confirm\u00e9 qu&rsquo;il savait exister dans une course nerveuse, exigeante, rarement offerte aux purs sprinteurs.<\/p>\n\n\n\n<p class=\"wp-block-paragraph\">Cette fois, le contexte pousse encore plus loin l\u2019attente. Le locataire du titre Arnaud De Lie est annonc\u00e9 forfait dans le texte de d\u00e9part, ce qui ouvre davantage le jeu. Magnier sait aussi que Jasper Philipsen devrait faire partie des hommes \u00e0 contr\u00f4ler si la victoire se joue dans un groupe r\u00e9duit.<\/p>\n\n\n\n<p class=\"wp-block-paragraph\">Le Fran\u00e7ais imagine justement une arriv\u00e9e en petit comit\u00e9, autour de 30 \u00e0 40 coureurs. Dans ce sc\u00e9nario, tout se jouerait sur le placement, la vague prise au bon moment, et la capacit\u00e9 de son \u00e9quipe \u00e0 l&rsquo;amener sans l&rsquo;enfermer dans les derniers m\u00e8tres.<\/p>\n\n\n\n<p class=\"wp-block-paragraph\">Ouest-France rappelle que les \u00e9lites hommes ont rendez-vous le dimanche 30 ao\u00fbt pour la Bretagne Classic, juste apr\u00e8s la course des amateurs dimanche matin. Une pr\u00e9cision utile : Plouay ne sera pas une simple reprise isol\u00e9e, mais le point fort d&rsquo;un week-end cycliste d\u00e9j\u00e0 dense en Bretagne.<\/p>\n\n\n\n<h2 class=\"wp-block-heading\">Un parcours durci pour tester plus qu&rsquo;une pointe de vitesse<\/h2>\n\n\n\n<p class=\"wp-block-paragraph\">La 95e \u00e9dition est annonc\u00e9e sur 228,3 kilom\u00e8tres, avec 3 600 m\u00e8tres de d\u00e9nivel\u00e9 positif. Ce n&rsquo;est pas un d\u00e9tail pour Magnier. Son sprint peut faire mal, mais il devra d&rsquo;abord survivre \u00e0 la finale, surtout si la s\u00e9lection se fait avant le Boulevard des Championnats du monde.<\/p>\n\n\n\n<p class=\"wp-block-paragraph\">La finale comprend trois tours de 16,6 kilom\u00e8tres. La c\u00f4te de Ty Marrec, absente depuis 2019, revient aussi dans l&rsquo;\u00e9quation. Magnier d\u00e9crit un parcours plus difficile dans le final, avec des mont\u00e9es plus raides que les ann\u00e9es pr\u00e9c\u00e9dentes.<\/p>\n\n\n\n<p class=\"wp-block-paragraph\">Ce renforcement rend son statut encore plus int\u00e9ressant. S&rsquo;il gagne, il ne s&rsquo;agira pas seulement d&rsquo;un sprint bien lanc\u00e9. Ce serait la preuve qu&rsquo;il peut encaisser un classique WorldTour s\u00e9lectif, garder assez de fra\u00eecheur, puis terminer le travail face \u00e0 des profils capables de casser la course avant lui.<\/p>\n\n\n\n<p class=\"wp-block-paragraph\">Son entourage comptera autant que ses jambes. Magnier cite notamment Jasper Stuyven et Dries Van Gestel pour l&rsquo;aider \u00e0 aborder la finale dans les meilleures conditions. Soudal Quick-Step ne vient donc pas seulement prot\u00e9ger un sprinteur : l&rsquo;\u00e9quipe vient construire une victoire possible autour de lui.<\/p>\n\n\n\n<h2 class=\"wp-block-heading\">Le Giro a chang\u00e9 son statut, sa fin de saison peut le confirmer<\/h2>\n\n\n\n<p class=\"wp-block-paragraph\">La phrase r\u00e9sume le changement de dimension : \u00ab J&rsquo;ai prouv\u00e9 que j&rsquo;\u00e9tais au niveau des meilleurs sprinteurs du monde \u00bb. Magnier la relique \u00e0 son Giro, o\u00f9 il a sign\u00e9 trois victoires et conserv\u00e9 le maillot Cyclamen jusqu&rsquo;au bout. Pour un sprinteur encore jeune, tenir trois semaines compte autant presque que lever les bras.<\/p>\n\n\n\n<p class=\"wp-block-paragraph\">Le Figaro a \u00e9galement rapport\u00e9 que Soudal Quick-Step avait annonc\u00e9 la prolongation de Paul Magnier jusqu&rsquo;en 2029. Ce contrat long donne un autre relief \u00e0 sa trajectoire : son \u00e9quipe ne le regarde plus comme une promesse passag\u00e8re, mais comme un pilier \u00e0 installer.<\/p>\n\n\n\n<p class=\"wp-block-paragraph\">Sa fin de saison peut amplifier cette impression. L&rsquo;an pass\u00e9, une grande f\u00eate de ses victoires \u00e9tait arriv\u00e9e apr\u00e8s le 1er septembre. Cette fois encore, son programme doit l&#8217;emmener vers le Grand Prix de Fourmies, le Tour de Slovaquie, le Tour de Guangxi, et peut-\u00eatre la Croatie.<\/p>\n\n\n\n<p class=\"wp-block-paragraph\">Paul Magnier ne parle donc plus comme un coureur qui esp\u00e8re simplement confirmer. Il parle comme un sprinteur qui a pris go\u00fbt \u00e0 la victoire. Plouay arrive au bon endroit dans son calendrier : assez t\u00f4t pour relancer l&rsquo;automne, assez dur pour valider son \u00e9volution, assez symbolique pour effacer deux occasions manqu\u00e9es.<\/p>\n\n\n\n<p class=\"wp-block-paragraph\">Sa marge se jouera peut-\u00eatre dans les 150 derniers m\u00e8tres. Mais son nouveau statut, lui, se joue sur toute la course. \u00c0 Plouay, Magnier ne vient plus demander sa place parmi les grands sprinteurs. Il vient la d\u00e9fendre.<\/p>\n\n\n\n<p class=\"wp-block-paragraph\"><\/p>\n","protected":false},"excerpt":{"rendered":"<p>Paul Magnier arrive \u00e0 Plouay avec une pancarte nouvelle sur les \u00e9paules : celle d&rsquo;un sprinteur qui ne veut plus seulement fr\u00f4ler la victoire, mais assumer son rang parmi les meilleurs. La Bretagne Classic tombe \u00e0 un moment charni\u00e8re pour lui. Apr\u00e8s un \u00e9t\u00e9 d\u00e9j\u00e0 solide, le coureur de Soudal Quick-Step retrouve une course de [&hellip;]<\/p>\n","protected":false},"author":6,"featured_media":55193,"comment_status":"open","ping_status":"open","sticky":false,"template":"","format":"standard","meta":{"_acf_changed":false,"_seopress_robots_primary_cat":"none","_seopress_titles_title":"","_seopress_titles_desc":"","_seopress_robots_index":"","footnotes":""},"categories":[38],"tags":[],"class_list":["post-55190","post","type-post","status-publish","format-standard","has-post-thumbnail","hentry","category-cyclisme"],"acf":[],"_links":{"self":[{"href":"https:\/\/mvz-sports.com\/fr\/wp-json\/wp\/v2\/posts\/55190","targetHints":{"allow":["GET"]}}],"collection":[{"href":"https:\/\/mvz-sports.com\/fr\/wp-json\/wp\/v2\/posts"}],"about":[{"href":"https:\/\/mvz-sports.com\/fr\/wp-json\/wp\/v2\/types\/post"}],"author":[{"embeddable":true,"href":"https:\/\/mvz-sports.com\/fr\/wp-json\/wp\/v2\/users\/6"}],"replies":[{"embeddable":true,"href":"https:\/\/mvz-sports.com\/fr\/wp-json\/wp\/v2\/comments?post=55190"}],"version-history":[{"count":1,"href":"https:\/\/mvz-sports.com\/fr\/wp-json\/wp\/v2\/posts\/55190\/revisions"}],"predecessor-version":[{"id":55194,"href":"https:\/\/mvz-sports.com\/fr\/wp-json\/wp\/v2\/posts\/55190\/revisions\/55194"}],"wp:featuredmedia":[{"embeddable":true,"href":"https:\/\/mvz-sports.com\/fr\/wp-json\/wp\/v2\/media\/55193"}],"wp:attachment":[{"href":"https:\/\/mvz-sports.com\/fr\/wp-json\/wp\/v2\/media?parent=55190"}],"wp:term":[{"taxonomy":"category","embeddable":true,"href":"https:\/\/mvz-sports.com\/fr\/wp-json\/wp\/v2\/categories?post=55190"},{"taxonomy":"post_tag","embeddable":true,"href":"https:\/\/mvz-sports.com\/fr\/wp-json\/wp\/v2\/tags?post=55190"}],"curies":[{"name":"wp","href":"https:\/\/api.w.org\/{rel}","templated":true}]}}