{"id":55195,"date":"2026-08-31T06:35:00","date_gmt":"2026-08-31T04:35:00","guid":{"rendered":"https:\/\/mvz-sports.com\/fr\/?p=55195"},"modified":"2026-08-31T00:45:35","modified_gmt":"2026-08-30T22:45:35","slug":"ca-fera-bizarre-de-ne-plus-etre-avec-eux-wembanyama-touche-au-moment-de-quitter-les-bleus","status":"publish","type":"post","link":"https:\/\/mvz-sports.com\/fr\/basketball\/news\/ca-fera-bizarre-de-ne-plus-etre-avec-eux-wembanyama-touche-au-moment-de-quitter-les-bleus","title":{"rendered":"\u00ab \u00c7a fera bizarre de ne plus \u00eatre avec eux \u00bb : Wembanyama touch\u00e9 au moment de quitter les Bleus"},"content":{"rendered":"\n<p class=\"wp-block-paragraph\"><strong>Victor Wembanyama partage de cette fen\u00eatre internationale avec une victoire, mais aussi avec une vraie coupure \u00e9motionnelle : quitter les Bleus lui p\u00e8se d\u00e9j\u00e0.<\/strong><\/p>\n\n\n\n<p class=\"wp-block-paragraph\">L&rsquo;\u00e9quipe de France de <a href=\"https:\/\/mvz-sports.com\/fr\/basketball\">basketball<\/a> a gagn\u00e9 en Su\u00e8de, 84-69, dans les qualifications pour la <strong>Coupe du monde 2027<\/strong>. Le score donne l&rsquo;essentiel sportif. Les mots de <strong>Victor Wembanyama<\/strong> racontent autre chose : un capitaine heureux d&rsquo;avoir retrouv\u00e9 ce groupe, frustr\u00e9 de devoir d\u00e9j\u00e0 le laisser.<\/p>\n\n\n\n<p class=\"wp-block-paragraph\">Pour son retour avec les Bleus depuis les Jeux olympiques 2024, l&rsquo;int\u00e9rieur fran\u00e7ais n&rsquo;a pas seulement parl\u00e9 de r\u00e9sultat. Il a insist\u00e9 sur le lien humain, sur les automatismes encore fragiles et sur ce que cette fen\u00eatre a laiss\u00e9 dans le vestiaire.<\/p>\n\n\n\n<h2 class=\"wp-block-heading\">Une victoire en Su\u00e8de, mais un groupe encore en construction<\/h2>\n\n\n\n<p class=\"wp-block-paragraph\">Les Bleus ont fait le travail face \u00e0 la Su\u00e8de. Mais <strong>Wembanyama<\/strong> n&rsquo;a pas maquill\u00e9 les imperfections. Interrog\u00e9 sur la maladresse fran\u00e7aise, il a r\u00e9pondu avec humour qu&rsquo;il \u00e9tait \u00e0 \u00ab 1 sur 1 \u00bb, avant de revenir sur le fond : le groupe se cherche encore.<\/p>\n\n\n\n<p class=\"wp-block-paragraph\">Son analyse est assez nette. Il a \u00e9voqu\u00e9 la jeunesse du collectif, des joueurs qui apprennent \u00e0 se trouver, et m\u00eame \u00ab un manque de clart\u00e9 \u00bb dans certaines s\u00e9quences. Il en a pris une part pour lui, r\u00e9sultant qu&rsquo;il faisait parfois des choses sans pr\u00e9venir ses co\u00e9quipiers ni les mettre dans les meilleures conditions.<\/p>\n\n\n\n<p class=\"wp-block-paragraph\">Ce passage compte, car il donne une lecture plus utile que le simple score. La France a gagn\u00e9, mais elle n&rsquo;a pas encore tout verrouill\u00e9. Wembanyama, lui, parle d\u00e9j\u00e0 comme un leader qui sait que son r\u00f4le d\u00e9passe les points, les contres ou la pr\u00e9sence dissuasive pr\u00e8s du cercle.<\/p>\n\n\n\n<h2 class=\"wp-block-heading\">\u00ab \u00c7a va faire bizarre \u00bb : Wembanyama touch\u00e9 par le d\u00e9part<\/h2>\n\n\n\n<p class=\"wp-block-paragraph\">Le moment le plus fort est venu quand <strong>Wembanyama<\/strong> a parl\u00e9 de son d\u00e9part du groupe France. \u00c0 la question de la frustration de quitter les Bleus pour ne les retrouver que plus tard, il a r\u00e9pondu sans d\u00e9tour : \u00ab Oui, une grande frustration. \u00bb<\/p>\n\n\n\n<p class=\"wp-block-paragraph\">Il a expliqu\u00e9 ne pas s&rsquo;attendre \u00e0 ressentir cela avec autant d&rsquo;intensit\u00e9. Revoir des joueurs qu&rsquo;il conna\u00eet depuis longtemps lui a fait du bien. Sa phrase r\u00e9sume l&rsquo;attachement : \u00ab \u00c7a va faire bizarre de ne plus \u00eatre avec eux. \u00bb<\/p>\n\n\n\n<p class=\"wp-block-paragraph\">Cette \u00e9motion vient aussi du temps \u00e9coul\u00e9 depuis sa derni\u00e8re apparition avec l&rsquo;\u00e9quipe de France. Aux Jeux olympiques 2024, Wembanyama disait avoir un autre r\u00f4le. Il estime avoir pris de l&rsquo;\u00e2ge depuis, m\u00eame si la formule garde le sourire. Derri\u00e8re, il y a surtout un joueur qui red\u00e9couvre le plaisir simple d&rsquo;un rassemblement national.<\/p>\n\n\n\n<p class=\"wp-block-paragraph\">Le rassemblement laisse donc une trace double. Sportivement, la France avance dans sa route vers la Coupe du monde 2027. Humainement, son capitaine repart avec l&rsquo;envie de ne pas perdre ce qui a \u00e9t\u00e9 construit en quelques jours.<\/p>\n\n\n\n<h2 class=\"wp-block-heading\">Entre les Bleus et San Antonio, une saison \u00e0 relier<\/h2>\n\n\n\n<p class=\"wp-block-paragraph\">Wembanyama a \u00e9galement ferm\u00e9 la parenth\u00e8se sans ambigu\u00eft\u00e9. Quitter les Bleus le frustre, mais il dit \u00eatre \u00ab tr\u00e8s motiv\u00e9 \u00bb de retrouver San Antonio et de se remettre au travail. Sa formule sur les Spurs est claire : il n&rsquo;y a \u00ab aucun endroit comme l\u00e0-bas pour bosser \u00bb.<\/p>\n\n\n\n<p class=\"wp-block-paragraph\">Ce retour en club arrive avec un statut qui a encore grandi. Le Parisien a \u00e9crit le 13 avril 2026 qu&rsquo;il est pass\u00e9 de 21,4 points de moyenne \u00e0 46,5 % de r\u00e9ussite, lors de sa premi\u00e8re saison, \u00e0 25 points \u00e0 plus 50 % de r\u00e9ussite. Cette progression statistique \u00e9clair\u00e9e aussi son nouveau poids chez les Bleus : il n&rsquo;est plus seulement la grande promesse, il devient l&rsquo;un des rep\u00e8res autour de quoi tout s&rsquo;organise.<\/p>\n\n\n\n<p class=\"wp-block-paragraph\">La suite se jouera donc loin du maillot bleu, mais pas sans les Bleus. Wembanyama a parl\u00e9 de garder la connexion, de suivre les r\u00e9sultats de ses co\u00e9quipiers et de rester en contact avec le coach. La phrase semble simple, mais elle dit bien le d\u00e9fi de cette \u00e9quipe de France : transformer une fen\u00eatre r\u00e9ussie en continuit\u00e9 r\u00e9elle.<\/p>\n\n\n\n<p class=\"wp-block-paragraph\">La victoire en Su\u00e8de rapproche les Fran\u00e7ais de leur objectif mondial. Le plus marquant, pourtant, reste peut-\u00eatre cette tension chez <strong>Wembanyama<\/strong> : assez attach\u00e9 aux Bleus pour vivre le d\u00e9part comme une frustration, assez lanc\u00e9 vers <strong>San Antonio<\/strong> pour savoir que le travail reprend tout de suite.<\/p>\n\n\n\n<p class=\"wp-block-paragraph\"><\/p>\n\n\n\n<pre class=\"wp-block-preformatted\"><\/pre>\n\n\n\n<p class=\"wp-block-paragraph\"><\/p>\n","protected":false},"excerpt":{"rendered":"<p>Victor Wembanyama partage de cette fen\u00eatre internationale avec une victoire, mais aussi avec une vraie coupure \u00e9motionnelle : quitter les Bleus lui p\u00e8se d\u00e9j\u00e0. L&rsquo;\u00e9quipe de France de basketball a gagn\u00e9 en Su\u00e8de, 84-69, dans les qualifications pour la Coupe du monde 2027. Le score donne l&rsquo;essentiel sportif. Les mots de Victor Wembanyama racontent autre [&hellip;]<\/p>\n","protected":false},"author":2,"featured_media":55198,"comment_status":"open","ping_status":"open","sticky":false,"template":"","format":"standard","meta":{"_acf_changed":false,"_seopress_robots_primary_cat":"none","_seopress_titles_title":"","_seopress_titles_desc":"","_seopress_robots_index":"","footnotes":""},"categories":[6],"tags":[],"class_list":["post-55195","post","type-post","status-publish","format-standard","has-post-thumbnail","hentry","category-basketball"],"acf":[],"_links":{"self":[{"href":"https:\/\/mvz-sports.com\/fr\/wp-json\/wp\/v2\/posts\/55195","targetHints":{"allow":["GET"]}}],"collection":[{"href":"https:\/\/mvz-sports.com\/fr\/wp-json\/wp\/v2\/posts"}],"about":[{"href":"https:\/\/mvz-sports.com\/fr\/wp-json\/wp\/v2\/types\/post"}],"author":[{"embeddable":true,"href":"https:\/\/mvz-sports.com\/fr\/wp-json\/wp\/v2\/users\/2"}],"replies":[{"embeddable":true,"href":"https:\/\/mvz-sports.com\/fr\/wp-json\/wp\/v2\/comments?post=55195"}],"version-history":[{"count":2,"href":"https:\/\/mvz-sports.com\/fr\/wp-json\/wp\/v2\/posts\/55195\/revisions"}],"predecessor-version":[{"id":55200,"href":"https:\/\/mvz-sports.com\/fr\/wp-json\/wp\/v2\/posts\/55195\/revisions\/55200"}],"wp:featuredmedia":[{"embeddable":true,"href":"https:\/\/mvz-sports.com\/fr\/wp-json\/wp\/v2\/media\/55198"}],"wp:attachment":[{"href":"https:\/\/mvz-sports.com\/fr\/wp-json\/wp\/v2\/media?parent=55195"}],"wp:term":[{"taxonomy":"category","embeddable":true,"href":"https:\/\/mvz-sports.com\/fr\/wp-json\/wp\/v2\/categories?post=55195"},{"taxonomy":"post_tag","embeddable":true,"href":"https:\/\/mvz-sports.com\/fr\/wp-json\/wp\/v2\/tags?post=55195"}],"curies":[{"name":"wp","href":"https:\/\/api.w.org\/{rel}","templated":true}]}}