{"id":55219,"date":"2026-08-31T11:35:00","date_gmt":"2026-08-31T09:35:00","guid":{"rendered":"https:\/\/mvz-sports.com\/fr\/?p=55219"},"modified":"2026-08-31T07:08:04","modified_gmt":"2026-08-31T05:08:04","slug":"il-fait-partie-des-coureurs-a-tres-fort-potentiel-decathlon-cma-cgm-viserait-emilien-jacquelin-pour-2027-un-renfort-inattendu-autour-de-paul-seixas","status":"publish","type":"post","link":"https:\/\/mvz-sports.com\/fr\/cyclisme\/news\/il-fait-partie-des-coureurs-a-tres-fort-potentiel-decathlon-cma-cgm-viserait-emilien-jacquelin-pour-2027-un-renfort-inattendu-autour-de-paul-seixas","title":{"rendered":"\u00ab Il fait partie des coureurs \u00e0 tr\u00e8s fort potentiel \u00bb : Decathlon-CMA CGM viserait \u00c9milien Jacquelin pour 2027, un renfort inattendu autour de Paul Seixas"},"content":{"rendered":"\n<p class=\"wp-block-paragraph\"><strong>\u00c9milien Jacquelin pourrait devenir l&rsquo;un des paris les plus atypiques du cyclisme fran\u00e7ais en 2027, au moment o\u00f9 Decathlon-CMA CGM cherche \u00e0 densifier son projet autour de Paul Seixas.<\/strong><\/p>\n\n\n\n<p class=\"wp-block-paragraph\">Le dossier n&rsquo;a rien d&rsquo;un transfert classique. Jacquelin n&rsquo;arrive pas du peloton, mais du biathlon, avec un nom d\u00e9j\u00e0 install\u00e9 dans le sport fran\u00e7ais et une curiosit\u00e9 r\u00e9elle depuis ses premiers pas chez <strong>Decathlon-CMA CGM<\/strong>.<\/p>\n\n\n\n<p class=\"wp-block-paragraph\"><strong>Le champion olympique <\/strong>du relais masculin aurait d\u00e9sormais un contrat dans le <a href=\"https:\/\/mvz-sports.com\/fr\/cyclisme\">cyclisme<\/a> professionnel pour 2027. Si cette piste se confirme, elle pourrait le pousser \u00e0 mettre sa saison de biathlon entre parenth\u00e8ses. Un choix lourd, mais coh\u00e9rent avec ce que ses premiers cours ont laiss\u00e9 entrevoir.<\/p>\n\n\n\n<h2 class=\"wp-block-heading\">Un pari sportif qui arrive au bon moment pour Decathlon-CMA CGM<\/h2>\n\n\n\n<p class=\"wp-block-paragraph\"><strong>Decathlon-CMA CGM<\/strong> a d\u00e9j\u00e0 ouvert la porte. Le 6 ao\u00fbt 2026, l&rsquo;\u00e9quipe fran\u00e7aise a officialis\u00e9 la pr\u00e9sence d&rsquo;<strong>\u00c9milien Jacquelin<\/strong> au d\u00e9part de la Polynormande, puis du Tour du Limousin, programm\u00e9 du 18 au 21 ao\u00fbt. Le communiqu\u00e9 pr\u00e9sentait cette s\u00e9quence comme une nouvelle \u00e9tape apr\u00e8s plusieurs mois de pr\u00e9paration au <\/p>\n\n\n\n<p class=\"wp-block-paragraph\">sein de la structure NewGen.<\/p>\n\n\n\n<p class=\"wp-block-paragraph\">Ce d\u00e9tail compte dans la lecture du dossier. Jacquelin n&rsquo;a pas seulement test\u00e9 le v\u00e9lo sur un coup de t\u00eate estival. Il a int\u00e9gr\u00e9 un cadre, suivi une pr\u00e9paration et d\u00e9couvert le niveau professionnel dans des cours exigeantes du calendrier fran\u00e7ais.<\/p>\n\n\n\n<p class=\"wp-block-paragraph\"><strong>Decathlon-CMA CGM<\/strong> pr\u00e9pare \u00e9galement une saison 2027 ambitieuse. La formation fran\u00e7aise veut monter d&rsquo;un cr\u00e2ne autour de Paul Seixas, quatri\u00e8me du dernier Tour de France d&rsquo;apr\u00e8s le contexte disponible, et plusieurs mouvements vont dans ce sens. Noa Isidore, Aubin Sparfel et L\u00e9o Bisiaux ont d\u00e9j\u00e0 prolong\u00e9, tandis que Pavel Sivakov, Ben O&rsquo;Connor et Laurens De Plus sont annonc\u00e9s parmi les renforts possibles.<\/p>\n\n\n\n<p class=\"wp-block-paragraph\">Dans ce d\u00e9cor, Jacquelin n&rsquo;a pas le profil du lieutenant \u00e9vident pour les grands cols. Il ressemble plut\u00f4t \u00e0 un pari de d\u00e9veloppement : un moteur, une science de l&rsquo;effort, une capacit\u00e9 \u00e0 apprendre vite, et une exposition m\u00e9diatique rare pour un coureur encore en construction.<\/p>\n\n\n\n<h2 class=\"wp-block-heading\">Le potentiel de Jacquelin intrigue d\u00e9j\u00e0 le peloton<\/h2>\n\n\n\n<p class=\"wp-block-paragraph\">La phrase de J\u00e9r\u00f4me Pineau r\u00e9sume bien l&rsquo;\u00e9tat du dossier : \u00ab Il fait partie des coureurs \u00e0 tr\u00e8s fort potentiel \u00bb. L&rsquo;ancien coureur insiste sur ce que Jacquelin aurait d\u00e9j\u00e0 montr\u00e9 apr\u00e8s quelques courses, notamment au Tour du Limousin, o\u00f9 il aurait \u00e9t\u00e9 capable de se placer devant et de travailler pour l&rsquo;\u00e9quipe face \u00e0 des coureurs sortis du Tour de France.<\/p>\n\n\n\n<p class=\"wp-block-paragraph\">Le mot important, ici, reste \u00ab potentiel \u00bb. \u00c0 31 ans, Jacquelin ne suit pas le chemin habituel d&rsquo;un jeune coureur form\u00e9 depuis les cat\u00e9gories juniors. Mais son pass\u00e9 de biathl\u00e8te lui donne un socle physique hors norme. ski-nordique.net rappelle son palmar\u00e8s : 1 m\u00e9daille d&rsquo;or olympique, 5 titres mondiaux et un profil athl\u00e9tique rare.<\/p>\n\n\n\n<p class=\"wp-block-paragraph\">Lib\u00e9ration indiquait \u00e9galement en 2026 que le biathl\u00e8te \u00c9milien Jacquelin, deux fois m\u00e9daill\u00e9 aux Jeux olympiques d&rsquo;hiver 2026, avait rejoint l&rsquo;\u00e9quipe de d\u00e9veloppement de <strong>Decathlon CMA CGM<\/strong>. Ce point remplace son passage au v\u00e9lo dans une trajectoire plus longue qu&rsquo;une simple parenth\u00e8se.<\/p>\n\n\n\n<p class=\"wp-block-paragraph\">Quentin Fillon-Maillet, son co\u00e9quipier en \u00e9quipe de France de biathlon, a valid\u00e9 publiquement cette bascule. Il explique sentir Jacquelin \u00e9panoui, m\u00eame si cette aventure se fait au d\u00e9triment des relais en biathlon. Il estime aussi que son compatriote a marqu\u00e9 certains directeurs sportifs et qu&rsquo;il aura des opportunit\u00e9s dans le cyclisme professionnel.<\/p>\n\n\n\n<h2 class=\"wp-block-heading\">Un contrat en 2027 changerait la dimension du projet<\/h2>\n\n\n\n<p class=\"wp-block-paragraph\">La vraie question porte maintenant sur la suite. Jacquelin souhaiterait poursuivre dans le cyclisme en 2027, mais son avenir ne serait pas n\u00e9cessairement li\u00e9 \u00e0 <strong>Decathlon-CMA CGM<\/strong>. Les places sont limit\u00e9es dans une \u00e9quipe WorldTour, surtout quand le recrutement se densifie d\u00e9j\u00e0 autour des dirigeants et des jeunes coureurs maison.<\/p>\n\n\n\n<p class=\"wp-block-paragraph\">Des formations de niveau ProTeam ou Conti seraient \u00e9galement int\u00e9ress\u00e9es. Cette option aurait du sens : elle offrirait peut-\u00eatre \u00e0 Jacquelin plus de libert\u00e9, davantage de jours de cours et un calendrier adapt\u00e9 \u00e0 une reconversion acc\u00e9l\u00e9r\u00e9e. <strong>Decathlon-CMA CGM<\/strong>, de son c\u00f4t\u00e9, doit arbitrer entre l&rsquo;effet m\u00e9diatique, le potentiel sportif et la r\u00e9alit\u00e9 de son effectif 2027.<\/p>\n\n\n\n<p class=\"wp-block-paragraph\">Pour Paul Seixas, l&rsquo;int\u00e9r\u00eat du dossier se joue ailleurs. La construction d&rsquo;une \u00e9quipe ambitieuse ne repose pas seulement sur les grands noms du march\u00e9. Elle passe aussi par des profils capables d&rsquo;apporter autre chose : du travail, une culture de tr\u00e8s haut niveau, une pr\u00e9sence publique et une capacit\u00e9 \u00e0 surprendre.<\/p>\n\n\n\n<p class=\"wp-block-paragraph\">Jacquelin coche plusieurs de ces cas, mais il reste une inconnue majeure : transformer quelques signaux prometteurs en vraie saison de cycliste professionnel. S&rsquo;il obtient ce contrat, <strong>Decathlon-CMA CGM<\/strong> ou une autre \u00e9quipe ne signera pas seulement un biathl\u00e8te c\u00e9l\u00e8bre. Elle prendra un risque calcul\u00e9 sur un athl\u00e8te qui veut prouver que son moteur peut tenir sur la route.<\/p>\n\n\n\n<pre class=\"wp-block-preformatted\"><\/pre>\n","protected":false},"excerpt":{"rendered":"<p>\u00c9milien Jacquelin pourrait devenir l&rsquo;un des paris les plus atypiques du cyclisme fran\u00e7ais en 2027, au moment o\u00f9 Decathlon-CMA CGM cherche \u00e0 densifier son projet autour de Paul Seixas. Le dossier n&rsquo;a rien d&rsquo;un transfert classique. Jacquelin n&rsquo;arrive pas du peloton, mais du biathlon, avec un nom d\u00e9j\u00e0 install\u00e9 dans le sport fran\u00e7ais et une [&hellip;]<\/p>\n","protected":false},"author":2,"featured_media":55222,"comment_status":"open","ping_status":"open","sticky":false,"template":"","format":"standard","meta":{"_acf_changed":false,"_seopress_robots_primary_cat":"none","_seopress_titles_title":"","_seopress_titles_desc":"","_seopress_robots_index":"","footnotes":""},"categories":[38],"tags":[],"class_list":["post-55219","post","type-post","status-publish","format-standard","has-post-thumbnail","hentry","category-cyclisme"],"acf":[],"_links":{"self":[{"href":"https:\/\/mvz-sports.com\/fr\/wp-json\/wp\/v2\/posts\/55219","targetHints":{"allow":["GET"]}}],"collection":[{"href":"https:\/\/mvz-sports.com\/fr\/wp-json\/wp\/v2\/posts"}],"about":[{"href":"https:\/\/mvz-sports.com\/fr\/wp-json\/wp\/v2\/types\/post"}],"author":[{"embeddable":true,"href":"https:\/\/mvz-sports.com\/fr\/wp-json\/wp\/v2\/users\/2"}],"replies":[{"embeddable":true,"href":"https:\/\/mvz-sports.com\/fr\/wp-json\/wp\/v2\/comments?post=55219"}],"version-history":[{"count":2,"href":"https:\/\/mvz-sports.com\/fr\/wp-json\/wp\/v2\/posts\/55219\/revisions"}],"predecessor-version":[{"id":55224,"href":"https:\/\/mvz-sports.com\/fr\/wp-json\/wp\/v2\/posts\/55219\/revisions\/55224"}],"wp:featuredmedia":[{"embeddable":true,"href":"https:\/\/mvz-sports.com\/fr\/wp-json\/wp\/v2\/media\/55222"}],"wp:attachment":[{"href":"https:\/\/mvz-sports.com\/fr\/wp-json\/wp\/v2\/media?parent=55219"}],"wp:term":[{"taxonomy":"category","embeddable":true,"href":"https:\/\/mvz-sports.com\/fr\/wp-json\/wp\/v2\/categories?post=55219"},{"taxonomy":"post_tag","embeddable":true,"href":"https:\/\/mvz-sports.com\/fr\/wp-json\/wp\/v2\/tags?post=55219"}],"curies":[{"name":"wp","href":"https:\/\/api.w.org\/{rel}","templated":true}]}}