{"id":55243,"date":"2026-08-31T16:15:00","date_gmt":"2026-08-31T14:15:00","guid":{"rendered":"https:\/\/mvz-sports.com\/fr\/?p=55243"},"modified":"2026-08-31T08:14:17","modified_gmt":"2026-08-31T06:14:17","slug":"sans-pogacar-les-bleus-peuvent-rever-plus-grand-aux-mondiaux-de-montreal-mais-voeckler-refuse-de-semballer-avec-seixas","status":"publish","type":"post","link":"https:\/\/mvz-sports.com\/fr\/cyclisme\/news\/sans-pogacar-les-bleus-peuvent-rever-plus-grand-aux-mondiaux-de-montreal-mais-voeckler-refuse-de-semballer-avec-seixas","title":{"rendered":"Sans Pogacar, les Bleus peuvent r\u00eaver plus grand aux Mondiaux de Montr\u00e9al mais Voeckler refuse de s&#8217;emballer avec Seixas"},"content":{"rendered":"\n<p class=\"wp-block-paragraph\"><strong>L&rsquo;incertitude autour de Tadej Pogacar change forc\u00e9ment le d\u00e9cor des Mondiaux de Montr\u00e9al, mais Thomas Voeckler refuse de vendre aux Bleus un sc\u00e9nario trop simple autour de Paul Seixas.<\/strong><\/p>\n\n\n\n<p class=\"wp-block-paragraph\">La chute de Tadej Pogacar sur la huiti\u00e8me \u00e9tape de la Vuelta a ouvert une br\u00e8che dans la fin de saison du <strong><a href=\"https:\/\/mvz-sports.com\/fr\/cyclisme\">cyclisme<\/a><\/strong> mondial. Le Slov\u00e8ne a abandonn\u00e9, et sa pr\u00e9sence \u00e0 Montr\u00e9al reste suspendue aux examens m\u00e9dicaux disponibles dans les prochains jours.<\/p>\n\n\n\n<p class=\"wp-block-paragraph\">Pour l&rsquo;\u00e9quipe de France, la tentation est \u00e9vidente : sans le champion qui \u00e9crase souvent les plans adverses, le r\u00eave peut grandir. Voeckler, lui, garde le frein \u00e0 main. Son message est clair : <strong>Paul Seixas<\/strong> aura un r\u00f4le central, mais le Mondial ne se r\u00e9sume pas \u00e0 un fauteuil laiss\u00e9 vide.<\/p>\n\n\n\n<h2 class=\"wp-block-heading\">L&rsquo;absence possible de Pogacar change le sc\u00e9nario, pas la hi\u00e9rarchie enti\u00e8re<\/h2>\n\n\n\n<p class=\"wp-block-paragraph\">La RTBF \u00e9voque un bilan encore incertain apr\u00e8s la chute de <strong>Pogacar<\/strong>, avec une possible fracture de la clavicule ou une atteinte ligamentaire, un traumatisme cr\u00e2nien et une plaie au-dessus du sourcil gauche. \u00c0 ce stade, le forfait d\u00e9finitif pour Montr\u00e9al n&rsquo;est pas confirm\u00e9 par une source officielle dans les \u00e9l\u00e9ments disponibles.<\/p>\n\n\n\n<p class=\"wp-block-paragraph\">Cette nuance p\u00e8se lourd. Pogacar devait d\u00e9fendre son titre mondial sur la course en ligne, programm\u00e9e le 27 septembre \u00e0 Montr\u00e9al. S&rsquo;il manque r\u00e9ellement le rendez-vous, le verrou psychologique saut\u00e9 pour plusieurs nations. La France en fait partie.<\/p>\n\n\n\n<p class=\"wp-block-paragraph\">Mais retirer Pogacar de l\u2019\u00e9quation ne transforme pas automatiquement les Bleus en favoris. Cela ouvre le cours. Cela ne la donne \u00e0 personne.<\/p>\n\n\n\n<h2 class=\"wp-block-heading\">Seixas devient le point d&rsquo;appui fran\u00e7ais, pas un raccourci vers le maillot arc-en-ciel<\/h2>\n\n\n\n<p class=\"wp-block-paragraph\">Franceinfo rapporte que Thomas Voeckler a d\u00e9sign\u00e9 <strong>Paul Seixas<\/strong> comme chef de l&rsquo;\u00e9quipe de France pour les Mondiaux de Montr\u00e9al. Le choix coll\u00e9 au profil du parcours : un circuit utilisant, annonc\u00e9 du 20 au 27 septembre au Qu\u00e9bec, avec un parcours qui devrait favoriser les coureurs capables de r\u00e9p\u00e9ter les efforts en bosse.<\/p>\n\n\n\n<p class=\"wp-block-paragraph\">\u00c9quipe-France.fr avance un chiffre qui explique cette logique : douze ascensions du Mont-Royal et pr\u00e8s de 4 000 m\u00e8tres de d\u00e9nivel\u00e9 positif. Pour Seixas, ce n&rsquo;est pas un d\u00e9cor neutre. C&rsquo;est le type de terrain qui peut donner du poids \u00e0 son statut, surtout dans une s\u00e9lection construite pour l&rsquo;accompagner.<\/p>\n\n\n\n<p class=\"wp-block-paragraph\">Voeckler sait pourtant ce qu&rsquo;un statut peut co\u00fbter. Ouest-France rappelait en 2024 que le s\u00e9lectionneur fran\u00e7ais poss\u00e8de un palmar\u00e8s de m\u00e9dailles avec les Bleus. Ce explique pass\u00e9 aussi sa prudence : un Mondial se gagne rarement sur une lecture trop confortable de la start-list.<\/p>\n\n\n\n<h2 class=\"wp-block-heading\">La Belgique reste le vrai rep\u00e8re que Voeckler ne veut pas effacer<\/h2>\n\n\n\n<p class=\"wp-block-paragraph\">Dans des propositions rapport\u00e9es par DHnet, Voeckler pr\u00e9vient que les favoris sont \u00e0 chercher du c\u00f4t\u00e9 de la Belgique. Le recadrage est important. M\u00eame si Pogacar venait \u00e0 manquer Montr\u00e9al, les Bleus devraient encore composer avec une nation capable d&#8217;empiler les cartes fortes sur un parcours s\u00e9lectif.<\/p>\n\n\n\n<p class=\"wp-block-paragraph\">La France peut donc r\u00eaver plus grand, mais pas sauter les \u00e9tapes. Seixas peut devenir le visage du projet fran\u00e7ais, \u00e0 condition que l&rsquo;\u00e9quipe garde une course lisible autour de lui et que le sc\u00e9nario ne s&#8217;emballe pas trop t\u00f4t.<\/p>\n\n\n\n<p class=\"wp-block-paragraph\">Le vrai changement, au fond, tient l\u00e0 : sans <strong>Pogacar<\/strong> au d\u00e9part, ou m\u00eame avec un Pogacar diminu\u00e9, les Bleus peuvent regarder Montr\u00e9al avec plus d&rsquo;app\u00e9tit. Voeckler leur laisse cette ambition. Il refuse simplement de la transformer en promesse.<\/p>\n\n\n\n<pre class=\"wp-block-preformatted\"><\/pre>\n\n\n\n<p class=\"wp-block-paragraph\"><\/p>\n","protected":false},"excerpt":{"rendered":"<p>L&rsquo;incertitude autour de Tadej Pogacar change forc\u00e9ment le d\u00e9cor des Mondiaux de Montr\u00e9al, mais Thomas Voeckler refuse de vendre aux Bleus un sc\u00e9nario trop simple autour de Paul Seixas. La chute de Tadej Pogacar sur la huiti\u00e8me \u00e9tape de la Vuelta a ouvert une br\u00e8che dans la fin de saison du cyclisme mondial. Le Slov\u00e8ne [&hellip;]<\/p>\n","protected":false},"author":2,"featured_media":55246,"comment_status":"open","ping_status":"open","sticky":false,"template":"","format":"standard","meta":{"_acf_changed":false,"_seopress_robots_primary_cat":"none","_seopress_titles_title":"","_seopress_titles_desc":"","_seopress_robots_index":"","footnotes":""},"categories":[38],"tags":[],"class_list":["post-55243","post","type-post","status-publish","format-standard","has-post-thumbnail","hentry","category-cyclisme"],"acf":[],"_links":{"self":[{"href":"https:\/\/mvz-sports.com\/fr\/wp-json\/wp\/v2\/posts\/55243","targetHints":{"allow":["GET"]}}],"collection":[{"href":"https:\/\/mvz-sports.com\/fr\/wp-json\/wp\/v2\/posts"}],"about":[{"href":"https:\/\/mvz-sports.com\/fr\/wp-json\/wp\/v2\/types\/post"}],"author":[{"embeddable":true,"href":"https:\/\/mvz-sports.com\/fr\/wp-json\/wp\/v2\/users\/2"}],"replies":[{"embeddable":true,"href":"https:\/\/mvz-sports.com\/fr\/wp-json\/wp\/v2\/comments?post=55243"}],"version-history":[{"count":1,"href":"https:\/\/mvz-sports.com\/fr\/wp-json\/wp\/v2\/posts\/55243\/revisions"}],"predecessor-version":[{"id":55247,"href":"https:\/\/mvz-sports.com\/fr\/wp-json\/wp\/v2\/posts\/55243\/revisions\/55247"}],"wp:featuredmedia":[{"embeddable":true,"href":"https:\/\/mvz-sports.com\/fr\/wp-json\/wp\/v2\/media\/55246"}],"wp:attachment":[{"href":"https:\/\/mvz-sports.com\/fr\/wp-json\/wp\/v2\/media?parent=55243"}],"wp:term":[{"taxonomy":"category","embeddable":true,"href":"https:\/\/mvz-sports.com\/fr\/wp-json\/wp\/v2\/categories?post=55243"},{"taxonomy":"post_tag","embeddable":true,"href":"https:\/\/mvz-sports.com\/fr\/wp-json\/wp\/v2\/tags?post=55243"}],"curies":[{"name":"wp","href":"https:\/\/api.w.org\/{rel}","templated":true}]}}