{"id":55258,"date":"2026-08-31T19:35:00","date_gmt":"2026-08-31T17:35:00","guid":{"rendered":"https:\/\/mvz-sports.com\/fr\/?p=55258"},"modified":"2026-08-31T16:25:14","modified_gmt":"2026-08-31T14:25:14","slug":"je-ne-me-sens-pas-legitime-leon-marchand-prefere-rester-loin-de-la-politique-mais-son-influence-raconte-un-piege-que-les-champions-connaissent-bien","status":"publish","type":"post","link":"https:\/\/mvz-sports.com\/fr\/jeux-olympiques-dhiver-2026-milano-cortina\/news\/je-ne-me-sens-pas-legitime-leon-marchand-prefere-rester-loin-de-la-politique-mais-son-influence-raconte-un-piege-que-les-champions-connaissent-bien","title":{"rendered":"\u00ab Je ne me sens pas l\u00e9gitime \u00bb : L\u00e9on Marchand pr\u00e9f\u00e8re rester loin de la politique mais son influence raconte un pi\u00e8ge que les champions connaissent bien"},"content":{"rendered":"\n<p class=\"wp-block-paragraph\"><strong>L\u00e9on Marchand sait que sa parole p\u00e8se d\u00e9sormais bien au-del\u00e0 des bassins, mais il refuse de la transformer trop vite en posture politique.<\/strong><\/p>\n\n\n\n<p class=\"wp-block-paragraph\">La phrase r\u00e9sume tout le pi\u00e8ge. Interrog\u00e9 sur les prises de position politiques et soci\u00e9tales des sportifs, le quadruple champion olympique a reconnu que les champions pourraient \u00ab avoir un r\u00f4le qui pourrait \u00eatre d\u00e9terminant dans les prochaines ann\u00e9es \u00bb, simplement par leur influence.<\/p>\n\n\n\n<p class=\"wp-block-paragraph\">Mais Marchand n&rsquo;a pas embray\u00e9 sur une d\u00e9claration militante. Il a pos\u00e9 une limite nette : \u00ab Je n&rsquo;ai pas envie de dire n&rsquo;importe quoi, parce que je ne me sens pas l\u00e9gitime. \u00bb C&rsquo;est l\u00e0 que son cas devient int\u00e9ressant pour le sport fran\u00e7ais : l&rsquo;influence existe, m\u00eame quand l&rsquo;athl\u00e8te pr\u00e9f\u00e9rerait s&rsquo;en tenir \u00e0 distance.<\/p>\n\n\n\n<h2 class=\"wp-block-heading\">Une parole de champion devenue impossible \u00e0 neutraliser<\/h2>\n\n\n\n<p class=\"wp-block-paragraph\"><strong>L\u00e9on Marchand<\/strong> ne parle plus depuis la place d&rsquo;un nageur prometteur. Depuis les <strong>Jeux de Paris 2024<\/strong>, chaque phrase publique porte une valeur symbolique. Le public ne regarde pas seulement ses chronos, il scrute aussi ce qu&rsquo;il accepte de repr\u00e9senter.<\/p>\n\n\n\n<p class=\"wp-block-paragraph\">Le nageur l&rsquo;a formul\u00e9 avec prudence sur le plateau du 20 Heures de France 2. Il pr\u00e9f\u00e9rerait rester loin des sujets politiques, mais il voit bien que les sportifs de premier plan peuvent peser sur les d\u00e9bats par leur seule visibilit\u00e9.<\/p>\n\n\n\n<p class=\"wp-block-paragraph\">Cette tension ne tombe pas de nulle part. En 2024, Kylian Mbapp\u00e9 avait appel\u00e9 les jeunes \u00e0 voter pendant la p\u00e9riode des \u00e9lections l\u00e9gislatives, en \u00e9voquant les extr\u00eames. <strong>Victor Wembanyama<\/strong> avait lui aussi pris position en appelant \u00e0 s&rsquo;en \u00e9loigner. Marchand, lui, choisit une ligne plus retenue.<\/p>\n\n\n\n<p class=\"wp-block-paragraph\">Cette retenue ne signifie pas absence de conscience. Elle dit plut\u00f4t autre chose : il sait que parler engag\u00e9, mais il refuse de se fabriquer une autorit\u00e9 politique qu&rsquo;il ne ressent pas.<\/p>\n\n\n\n<h2 class=\"wp-block-heading\">Le risque de parler trop vite quand l&rsquo;influence d\u00e9passe la comp\u00e9tence<\/h2>\n\n\n\n<p class=\"wp-block-paragraph\">La formule \u00ab je ne me sens pas l\u00e9gitime \u00bb \u00e0 la force parce qu&rsquo;elle casse l&rsquo;id\u00e9e du champion se transforme automatiquement en porte-parole. Marchand ne nie pas son influence. Il la reconna\u00eet, puis il met une barri\u00e8re autour de ce qu&rsquo;il estime pouvoir dire s\u00e9rieusement.<\/p>\n\n\n\n<p class=\"wp-block-paragraph\">Pour un athl\u00e8te aussi expos\u00e9, c\u2019est une position d\u00e9licate. Se taire peut \u00eatre per\u00e7u comme une esquive. Parler peut \u00eatre re\u00e7u comme une le\u00e7on. Entre les deux, Marchand a choisit une prudence presque m\u00e9thodique : ne pas occuper l&rsquo;espace public avec des mots qu&rsquo;il ne ma\u00eetrise pas assez.<\/p>\n\n\n\n<p class=\"wp-block-paragraph\">Le paradoxe est l\u00e0. Plus le champion est aim\u00e9, plus on attend de lui une parole claire sur des sujets qui d\u00e9passent son sport. Mais cette attente ne cr\u00e9e pas automatiquement une expertise. Elle cr\u00e9e surtout une pression.<\/p>\n\n\n\n<p class=\"wp-block-paragraph\">Le contexte sportif renforce encore cette pression. Le 11 ao\u00fbt 2026,\u00a0Le Figaro\u00a0rapportait que <strong>L\u00e9on Marchand<\/strong> \u00e9tait devenu le sixi\u00e8me meilleur interpr\u00e8te de l&rsquo;histoire sur 200 m\u00e8tres. Ce niveau de performance installe une aura particuli\u00e8re : quand un tel champion parle, sa phrase sort vite du cadre sportif.<\/p>\n\n\n\n<h2 class=\"wp-block-heading\">Pr\u00e9server sa vie priv\u00e9e, l&rsquo;autre fronti\u00e8re que Marchand veut garder<\/h2>\n\n\n\n<p class=\"wp-block-paragraph\">Le m\u00eame \u00e9change a aussi ramen\u00e9 <strong>Marchand<\/strong> \u00e0 l&rsquo;apr\u00e8s-<a href=\"https:\/\/mvz-sports.com\/fr\/JO\">JO<\/a>. Il a \u00e9voqu\u00e9 son besoin de s\u00e9parer son image publique et son image priv\u00e9e, apr\u00e8s l&rsquo;explosion de notori\u00e9t\u00e9 li\u00e9e \u00e0 Paris 2024.<\/p>\n\n\n\n<p class=\"wp-block-paragraph\">Son refuge tient en quelques mots : une vie plus calme \u00e0 Austin, au Texas. Ce d\u00e9tail n\u2019est pas anecdotique. Il montre que Marchand ne cherche pas seulement \u00e0 contr\u00f4ler ses prises de parole politiques. Il tente aussi de garder un espace o\u00f9 sa personne ne se confond pas avec son statut de champion national.<\/p>\n\n\n\n<p class=\"wp-block-paragraph\">La difficult\u00e9, pour lui comme pour d&rsquo;autres figures du sport fran\u00e7ais, vient de cette double exposition. On attend des r\u00e9sultats, puis des \u00e9motions, puis des confidences, puis parfois une position sur le monde. Marchand semble accepter la premi\u00e8re partie du contrat. Il ralentit sur la seconde.<\/p>\n\n\n\n<p class=\"wp-block-paragraph\">Son discours ne ferme donc pas la porte \u00e0 une parole plus engag\u00e9e. Il dit surtout qu&rsquo;elle ne doit pas \u00eatre improvis\u00e9e. Pour un champion dont l&rsquo;influence est d\u00e9j\u00e0 immense, cette prudence raconte peut-\u00eatre la seule mani\u00e8re durable de ne pas se perdre dans le r\u00f4le que les autres veulent lui donner.<\/p>\n\n\n\n<p class=\"wp-block-paragraph\"><\/p>\n","protected":false},"excerpt":{"rendered":"<p>L\u00e9on Marchand sait que sa parole p\u00e8se d\u00e9sormais bien au-del\u00e0 des bassins, mais il refuse de la transformer trop vite en posture politique. La phrase r\u00e9sume tout le pi\u00e8ge. Interrog\u00e9 sur les prises de position politiques et soci\u00e9tales des sportifs, le quadruple champion olympique a reconnu que les champions pourraient \u00ab avoir un r\u00f4le qui [&hellip;]<\/p>\n","protected":false},"author":2,"featured_media":55263,"comment_status":"open","ping_status":"open","sticky":false,"template":"","format":"standard","meta":{"_acf_changed":false,"_seopress_robots_primary_cat":"none","_seopress_titles_title":"","_seopress_titles_desc":"","_seopress_robots_index":"","footnotes":""},"categories":[37],"tags":[],"class_list":["post-55258","post","type-post","status-publish","format-standard","has-post-thumbnail","hentry","category-jeux-olympiques-dhiver-2026-milano-cortina"],"acf":[],"_links":{"self":[{"href":"https:\/\/mvz-sports.com\/fr\/wp-json\/wp\/v2\/posts\/55258","targetHints":{"allow":["GET"]}}],"collection":[{"href":"https:\/\/mvz-sports.com\/fr\/wp-json\/wp\/v2\/posts"}],"about":[{"href":"https:\/\/mvz-sports.com\/fr\/wp-json\/wp\/v2\/types\/post"}],"author":[{"embeddable":true,"href":"https:\/\/mvz-sports.com\/fr\/wp-json\/wp\/v2\/users\/2"}],"replies":[{"embeddable":true,"href":"https:\/\/mvz-sports.com\/fr\/wp-json\/wp\/v2\/comments?post=55258"}],"version-history":[{"count":2,"href":"https:\/\/mvz-sports.com\/fr\/wp-json\/wp\/v2\/posts\/55258\/revisions"}],"predecessor-version":[{"id":55270,"href":"https:\/\/mvz-sports.com\/fr\/wp-json\/wp\/v2\/posts\/55258\/revisions\/55270"}],"wp:featuredmedia":[{"embeddable":true,"href":"https:\/\/mvz-sports.com\/fr\/wp-json\/wp\/v2\/media\/55263"}],"wp:attachment":[{"href":"https:\/\/mvz-sports.com\/fr\/wp-json\/wp\/v2\/media?parent=55258"}],"wp:term":[{"taxonomy":"category","embeddable":true,"href":"https:\/\/mvz-sports.com\/fr\/wp-json\/wp\/v2\/categories?post=55258"},{"taxonomy":"post_tag","embeddable":true,"href":"https:\/\/mvz-sports.com\/fr\/wp-json\/wp\/v2\/tags?post=55258"}],"curies":[{"name":"wp","href":"https:\/\/api.w.org\/{rel}","templated":true}]}}