{"id":55294,"date":"2026-09-01T16:15:00","date_gmt":"2026-09-01T14:15:00","guid":{"rendered":"https:\/\/mvz-sports.com\/fr\/?p=55294"},"modified":"2026-09-01T15:25:52","modified_gmt":"2026-09-01T13:25:52","slug":"jallais-perdre-ma-spontaneite-le-conseil-de-mbappe-qui-resume-le-nouveau-monde-de-leon-marchand","status":"publish","type":"post","link":"https:\/\/mvz-sports.com\/fr\/football\/news\/jallais-perdre-ma-spontaneite-le-conseil-de-mbappe-qui-resume-le-nouveau-monde-de-leon-marchand","title":{"rendered":"\u00ab J\u2019allais perdre ma spontan\u00e9it\u00e9 \u00bb : le conseil de Mbapp\u00e9 qui r\u00e9sume le nouveau monde de L\u00e9on Marchand"},"content":{"rendered":"\n<h2 class=\"wp-block-heading\"><strong>L\u00e9on Marchand a r\u00e9v\u00e9l\u00e9 sur France Inter que Kylian Mbapp\u00e9 l&rsquo;avait pr\u00e9venu avant les JO 2024 : \u00ab Tu vas perdre ta spontan\u00e9it\u00e9. \u00bb Un conseil que le nageur a pris au s\u00e9rieux  au point de choisir de vivre aux \u00c9tats-Unis pour y \u00e9chapper.<\/strong><\/h2>\n\n\n\n<p class=\"wp-block-paragraph\"><br>\u00ab J&rsquo;allais perdre ma spontan\u00e9it\u00e9 \u00bb : le conseil que Mbapp\u00e9 a tir\u00e9 de son propre exil<\/p>\n\n\n\n<p class=\"wp-block-paragraph\">Quand Mbapp\u00e9 glisse un mot \u00e0 <strong>Marchand<\/strong>, ce n&rsquo;est pas une formule de politesse  c&rsquo;est un t\u00e9moignage.<\/p>\n\n\n\n<p class=\"wp-block-paragraph\">Sur le plateau de France Inter, L\u00e9on Marchand a racont\u00e9 sa rencontre avec la famille Mbapp\u00e9 avant les <strong>Jeux olympiques de Paris 2024<\/strong>. Le message du footballeur \u00e9tait simple, direct, presque brutal dans sa lucidit\u00e9 :\u00a0<em>\u00ab Il m&rsquo;avait juste dit que j&rsquo;allais perdre ma spontan\u00e9it\u00e9. \u00bb<\/em><\/p>\n\n\n\n<p class=\"wp-block-paragraph\">Ce mot  spontan\u00e9it\u00e9  n&rsquo;est pas sorti de nulle part. En janvier 2024, dans un entretien diffus\u00e9 sur France T\u00e9l\u00e9visions dans le cadre d&rsquo;\u00a0<em>Envoy\u00e9 Sp\u00e9cial<\/em>\u00a0, <a href=\"https:\/\/mvz-sports.com\/fr\/football\/players\/kylian-mbappe-lottin\">Mbapp\u00e9<\/a> l&rsquo;avait utilis\u00e9 pour d\u00e9crire sa propre r\u00e9alit\u00e9 :\u00a0<em>\u00ab J&rsquo;ai perdu la spontan\u00e9it\u00e9, la spontan\u00e9it\u00e9 de l&rsquo;\u00eatre humain. \u00bb<\/em>\u00a0Il parlait de l&rsquo;impossibilit\u00e9 d&rsquo;aller acheter du pain \u00e0 Paris sans d\u00e9clencher un attroupement. Pas une m\u00e9taphore. Une contrainte quotidienne, concr\u00e8te, \u00e9puisante.<\/p>\n\n\n\n<p class=\"wp-block-paragraph\">C&rsquo;est l\u00e0 que le conseil prend toute sa valeur.&nbsp;<strong>Mbapp\u00e9 ne pr\u00e9venait pas Marchand d&rsquo;un risque hypoth\u00e9tique. Il lui transmettait quelque chose qu&rsquo;il avait v\u00e9cu dans sa chaise, \u00e0 Paris, avant de partir pour Madrid.<\/strong><\/p>\n\n\n\n<p class=\"wp-block-paragraph\">Le parall\u00e8le entre les deux sportifs est frappant. Mbapp\u00e9 a quitt\u00e9 la capitale fran\u00e7aise pour retrouver une forme d&rsquo;anonymat \u00e0 Madrid o\u00f9 le joueur de <strong><a href=\"https:\/\/mvz-sports.com\/fr\/football\">football<\/a><\/strong> peut d\u00e9sormais sortir, circuler sans que chaque d\u00e9placement devienne un \u00e9v\u00e9nement m\u00e9diatique. Marchand, lui, a anticip\u00e9 le probl\u00e8me avant m\u00eame que les <strong>JO de Paris 2024<\/strong> ne d\u00e9clenchent sa c\u00e9l\u00e9brit\u00e9 massive. Il a choisi de rester aux \u00c9tats-Unis.<\/p>\n\n\n\n<p class=\"wp-block-paragraph\"><strong>\u00c0 retenir :<\/strong>\u00a0le mot \u00ab spontan\u00e9it\u00e9 \u00bb n&rsquo;est pas une formule  Mbapp\u00e9 l&rsquo;avait utilis\u00e9 pour d\u00e9crire sa propre exp\u00e9rience d\u00e8s janvier 2024. Ce que Marchand a re\u00e7u, c&rsquo;est un t\u00e9moignage de premi\u00e8re main, pas un conseil de vestiaire.<\/p>\n\n\n\n<h2 class=\"wp-block-heading\">La r\u00e9ponse de Marchand : \u00ab Je pr\u00e9f\u00e8re \u00eatre incognito aux US \u00bb<\/h2>\n\n\n\n<p class=\"wp-block-paragraph\"><strong>Mbapp\u00e9<\/strong> lui avait dit qu&rsquo;il allait perdre sa spontan\u00e9it\u00e9. Marchand a d\u00e9cid\u00e9 de ne pas la perdre.<\/p>\n\n\n\n<p class=\"wp-block-paragraph\">Sa r\u00e9ponse sur France Inter est limpide :\u00a0<em>\u00ab J&rsquo;ai une chance, c&rsquo;est que je ne vis pas en France. J&rsquo;ai ma vie qui est aux \u00c9tats-Unis, je m&rsquo;y entra\u00eener. Ma routine est la m\u00eame depuis avant les <strong><a href=\"https:\/\/mvz-sports.com\/fr\/jo\">JO<\/a> de Paris 2024<\/strong>. \u00bb<\/em>\u00a0Et il va plus loin :\u00a0<em>\u00ab Je pr\u00e9f\u00e8re \u00eatre incognito aux US, je trouve \u00e7a plus calme et plus facile. \u00bb<\/em><\/p>\n\n\n\n<p class=\"wp-block-paragraph\"><strong>C&rsquo;est une strat\u00e9gie, pas un caprice.<\/strong>&nbsp;Une d\u00e9cision construite, qui s&rsquo;appuie sur l&rsquo;exp\u00e9rience de quelqu&rsquo;un qui a d\u00e9j\u00e0 travers\u00e9 ce que Marchand commence \u00e0 vivre.<\/p>\n\n\n\n<p class=\"wp-block-paragraph\">Le contexte compte : Marchand revenait des <strong>Championnats d&rsquo;Europe 2026<\/strong> \u00e0 Saint-Denis, o\u00f9 il avait remport\u00e9 deux titres (200 m papillon, 400 m nage libre) et \u00e9tabli un record de France en 3&rsquo;43\u00a0\u00bb14. Il \u00e9tait sur sol fran\u00e7ais, dans la lumi\u00e8re, au sommet. Et pourtant, sa t\u00eate \u00e9tait d\u00e9j\u00e0 ailleurs  aux \u00c9tats-Unis, dans sa routine, dans son anonymat pr\u00e9serv\u00e9.<\/p>\n\n\n\n<p class=\"wp-block-paragraph\">Le parall\u00e8le avec Mbapp\u00e9 tient la route. Le footballeur a trouv\u00e9 \u00e0 Madrid ce qu&rsquo;il ne pouvait plus avoir \u00e0 Paris. Le nageur a trouv\u00e9 aux \u00c9tats-Unis ce qu&rsquo;il ne veut pas perdre en France. Deux sportifs, deux sports, deux pays d&rsquo;accueil. Une m\u00eame logique.<\/p>\n\n\n\n<h2 class=\"wp-block-heading\">Ce que le conseil de Mbapp\u00e9 r\u00e9v\u00e8le sur la nouvelle vie de Marchand<\/h2>\n\n\n\n<ul class=\"wp-block-list\">\n<li>Le mot \u00ab spontan\u00e9it\u00e9 \u00bb n&rsquo;est pas une formule : Mbapp\u00e9 l&rsquo;avait utilis\u00e9 pour d\u00e9crire sa propre exp\u00e9rience d\u00e8s janvier 2024, dans\u00a0<em>Envoy\u00e9 Sp\u00e9cial<\/em>\u00a0sur France T\u00e9l\u00e9visions.<\/li>\n\n\n\n<li>Comme Mbapp\u00e9 a quitt\u00e9 Paris pour Madrid, Marchand a choisi les \u00c9tats-Unis plut\u00f4t que la France pour pr\u00e9server sa routine et son anonymat.<\/li>\n\n\n\n<li>Le conseil de Mbapp\u00e9 est une transmission d&rsquo;exp\u00e9rience v\u00e9cue entre deux g\u00e9n\u00e9rations de stars fran\u00e7aises  pas un \u00e9change de vestiaire anecdotique.<\/li>\n\n\n\n<li>Marchand est d\u00e9sormais la personnalit\u00e9 pr\u00e9f\u00e9r\u00e9e des 7-14 ans en France, devant Soprano et Mbapp\u00e9, rel\u00e9gu\u00e9 \u00e0 la 11e place (sondage Ipsos \/ Journal de Mickey, mars 2025).<\/li>\n<\/ul>\n\n\n\n<p class=\"wp-block-paragraph\"><em>\u00ab Je fais comme je peux, je m&rsquo;am\u00e9liore. Je pense que je suis de plus en plus \u00e0 l&rsquo;aise avec tout \u00e7a. \u00bb<\/em>\u00a0 L\u00e9on Marchand, France Inter, 31 ao\u00fbt 2026.<\/p>\n\n\n\n<h2 class=\"wp-block-heading\">Nike, le lien invisible entre Mbapp\u00e9, Marchand et Wembanyama<\/h2>\n\n\n\n<p class=\"wp-block-paragraph\">Derri\u00e8re l&rsquo;amiti\u00e9 entre Mbapp\u00e9 et Marchand, il y a aussi une architecture commerciale.<\/p>\n\n\n\n<p class=\"wp-block-paragraph\">Le 25 juillet 2025, Nike a officialis\u00e9 le contrat de L\u00e9on Marchand. Le nageur rejoint <strong>Kylian Mbapp\u00e9<\/strong> et <strong>Victor Wembanyama<\/strong> dans un trio d&rsquo;ambassadeurs fran\u00e7ais que la marque pr\u00e9sente comme \u00ab une nouvelle g\u00e9n\u00e9ration d&rsquo;athl\u00e8tes fran\u00e7ais qui transcendent le sport \u00bb.\u00a0<strong>Ce n&rsquo;est pas seulement une amiti\u00e9 : c&rsquo;est une strat\u00e9gie commerciale et symbolique, institutionnalis\u00e9e par l&rsquo;une des marques les plus puissantes du sport mondial.<\/strong><\/p>\n\n\n\n<p class=\"wp-block-paragraph\">C&rsquo;est via Nike que Marchand a rencontr\u00e9 Wembanyama, selon ses propres d\u00e9clarations. La connexion entre ces trois sportifs ne s&rsquo;est pas faite au hasard d&rsquo;un vestiaire commun. Elle a \u00e9t\u00e9 construite, organis\u00e9e, mise en sc\u00e8ne.<\/p>\n\n\n\n<p class=\"wp-block-paragraph\">Et le sondage Ipsos \/ Journal de Mickey (mars 2025) ajoute une couche : Marchand est d\u00e9sormais la personnalit\u00e9 pr\u00e9f\u00e9r\u00e9e des 7-14 ans en France, d\u00e9tr\u00f4nant Soprano  cinq fois num\u00e9ro un  et surpassant Mbapp\u00e9, qui tombe \u00e0 la 11e place. Un signal fort. La g\u00e9n\u00e9ration qui grandit aujourd&rsquo;hui a un nouveau visage de r\u00e9f\u00e9rence. Et Nike l&rsquo;a vu venir.<\/p>\n\n\n\n<p class=\"wp-block-paragraph\">Le conseil de Mbapp\u00e9 \u00e0 Marchand n&rsquo;est pas une mise en garde abstraite. C&rsquo;est un t\u00e9moignage de ce que signifie \u00eatre une star fran\u00e7aise en 2024-2026 : perdre la possibilit\u00e9 d&rsquo;exister normalement, dans son propre pays, sans que chaque geste devienne public.<\/p>\n\n\n\n<p class=\"wp-block-paragraph\">Mbapp\u00e9 a d\u00fb quitter la France pour retrouver cet espace. Marchand a choisi de ne jamais vraiment le quitter  en restant fran\u00e7ais de c\u0153ur, mais en vivant aux \u00c9tats-Unis. Une strat\u00e9gie qui semble fonctionner, du moins pour l&rsquo;instant.<\/p>\n\n\n\n<p class=\"wp-block-paragraph\">\u00c0 mesure que la c\u00e9l\u00e9brit\u00e9 de Marchand grandit  il est d\u00e9sormais la personnalit\u00e9 pr\u00e9f\u00e9r\u00e9e des enfants fran\u00e7ais  parviendra-t-il \u00e0 pr\u00e9server cette spontan\u00e9it\u00e9 que Mbapp\u00e9 a perdu ?<\/p>\n\n\n\n<p class=\"wp-block-paragraph\"><\/p>\n","protected":false},"excerpt":{"rendered":"<p>L\u00e9on Marchand a r\u00e9v\u00e9l\u00e9 sur France Inter que Kylian Mbapp\u00e9 l&rsquo;avait pr\u00e9venu avant les JO 2024 : \u00ab Tu vas perdre ta spontan\u00e9it\u00e9. \u00bb Un conseil que le nageur a pris au s\u00e9rieux au point de choisir de vivre aux \u00c9tats-Unis pour y \u00e9chapper. \u00ab J&rsquo;allais perdre ma spontan\u00e9it\u00e9 \u00bb : le conseil que Mbapp\u00e9 [&hellip;]<\/p>\n","protected":false},"author":1,"featured_media":55297,"comment_status":"open","ping_status":"open","sticky":false,"template":"","format":"standard","meta":{"_acf_changed":false,"_seopress_robots_primary_cat":"none","_seopress_titles_title":"","_seopress_titles_desc":"","_seopress_robots_index":"","footnotes":""},"categories":[1,37],"tags":[],"class_list":["post-55294","post","type-post","status-publish","format-standard","has-post-thumbnail","hentry","category-football","category-jeux-olympiques-dhiver-2026-milano-cortina"],"acf":[],"_links":{"self":[{"href":"https:\/\/mvz-sports.com\/fr\/wp-json\/wp\/v2\/posts\/55294","targetHints":{"allow":["GET"]}}],"collection":[{"href":"https:\/\/mvz-sports.com\/fr\/wp-json\/wp\/v2\/posts"}],"about":[{"href":"https:\/\/mvz-sports.com\/fr\/wp-json\/wp\/v2\/types\/post"}],"author":[{"embeddable":true,"href":"https:\/\/mvz-sports.com\/fr\/wp-json\/wp\/v2\/users\/1"}],"replies":[{"embeddable":true,"href":"https:\/\/mvz-sports.com\/fr\/wp-json\/wp\/v2\/comments?post=55294"}],"version-history":[{"count":2,"href":"https:\/\/mvz-sports.com\/fr\/wp-json\/wp\/v2\/posts\/55294\/revisions"}],"predecessor-version":[{"id":55299,"href":"https:\/\/mvz-sports.com\/fr\/wp-json\/wp\/v2\/posts\/55294\/revisions\/55299"}],"wp:featuredmedia":[{"embeddable":true,"href":"https:\/\/mvz-sports.com\/fr\/wp-json\/wp\/v2\/media\/55297"}],"wp:attachment":[{"href":"https:\/\/mvz-sports.com\/fr\/wp-json\/wp\/v2\/media?parent=55294"}],"wp:term":[{"taxonomy":"category","embeddable":true,"href":"https:\/\/mvz-sports.com\/fr\/wp-json\/wp\/v2\/categories?post=55294"},{"taxonomy":"post_tag","embeddable":true,"href":"https:\/\/mvz-sports.com\/fr\/wp-json\/wp\/v2\/tags?post=55294"}],"curies":[{"name":"wp","href":"https:\/\/api.w.org\/{rel}","templated":true}]}}