{"id":55305,"date":"2026-09-01T16:15:00","date_gmt":"2026-09-01T14:15:00","guid":{"rendered":"https:\/\/mvz-sports.com\/fr\/?p=55305"},"modified":"2026-09-01T16:12:37","modified_gmt":"2026-09-01T14:12:37","slug":"fickou-capitaine-a-toulon-pour-cette-semaine-le-choix-fort-de-mignoni-qui-rebat-deja-les-cartes-dans-le-vestiaire-du-rct","status":"publish","type":"post","link":"https:\/\/mvz-sports.com\/fr\/rugby\/news\/fickou-capitaine-a-toulon-pour-cette-semaine-le-choix-fort-de-mignoni-qui-rebat-deja-les-cartes-dans-le-vestiaire-du-rct","title":{"rendered":"Fickou capitaine \u00e0 Toulon pour cette semaine, le choix fort de Mignoni qui rebat d\u00e9j\u00e0 les cartes dans le vestiaire du RCT"},"content":{"rendered":"\n<p class=\"wp-block-paragraph\"><strong>Ga\u00ebl Fickou arrive \u00e0 Toulon avec un statut d\u00e9j\u00e0 \u00e9norme : Pierre Mignoni l&rsquo;installe d&rsquo;entr\u00e9e parmi les capitaines du RCT, un signal qui bouscule la hi\u00e9rarchie avant le d\u00e9placement \u00e0 Bayonne.<\/strong><\/p>\n\n\n\n<p class=\"wp-block-paragraph\">Le RCT n&rsquo;a pas attendu de voir <strong><a href=\"https:\/\/mvz-sports.com\/fr\/rugby\/players\/gael-fickou\">Ga\u00ebl Fickou<\/a><\/strong> encha\u00eener les matchs officiels sous ses nouvelles couleurs. \u00c0 peine revenu dans le Var, le centre international est d\u00e9j\u00e0 plac\u00e9 au c\u0153ur du groupe toulonnais pour la saison 2026-2027.<\/p>\n\n\n\n<p class=\"wp-block-paragraph\">Le club varois a d\u00e9voil\u00e9 ce lundi trois capitaines pour guider l&rsquo;effectif : <strong>Ga\u00ebl Fickou<\/strong>, <strong><a href=\"https:\/\/mvz-sports.com\/fr\/rugby\/players\/lewis-ludlam\">Lewis Ludlam<\/a><\/strong> et <strong><a href=\"https:\/\/mvz-sports.com\/fr\/rugby\/players\/david-ribbans\">David Ribbans<\/a><\/strong>. Le choix est fort, surtout parce que deux figures install\u00e9es du vestiaire, Baptiste Serin et Charles Ollivon, ne figurent pas dans cette liste.<\/p>\n\n\n\n<h2 class=\"wp-block-heading\">Fickou, un retour au RCT qui prend tout de suite une autre dimension<\/h2>\n\n\n\n<p class=\"wp-block-paragraph\"><strong>Ga\u00ebl Fickou<\/strong> ne revient pas \u00e0 <strong>Toulon<\/strong> comme une recrue ordinaire. \u00c0 32 ans, l&rsquo;ancien joueur du Racing 92 retrouve un club o\u00f9 il a \u00e9t\u00e9 form\u00e9 avant son d\u00e9part vers Toulouse. Le lien local p\u00e8se, mais le timing rend surtout sa nomination tr\u00e8s parlante.<\/p>\n\n\n\n<p class=\"wp-block-paragraph\">Apr\u00e8s cinq ann\u00e9es pass\u00e9es au Racing 92, Fickou arrive dans un RCT qui veut se relancer apr\u00e8s une 9e place frustrante. <strong>Mignoni<\/strong> ne lui donne pas seulement un r\u00f4le sportif : il l&rsquo;int\u00e8gre imm\u00e9diatement dans le petit cercle charg\u00e9 de tenir le groupe.<\/p>\n\n\n\n<p class=\"wp-block-paragraph\">Le joueur avait lui-m\u00eame pos\u00e9 les bases de ce retour dans le podcast Rugby Confidential : \u00ab J&rsquo;ai une excellente relation avec Pierre et j&rsquo;ai senti que \u00e7a pouvait m&rsquo;apporter un r\u00e9el plus \u00bb. Cette phrase compte, car elle \u00e9claire le choix de <strong>Mignoni<\/strong>. <strong>Fickou<\/strong> ne d\u00e9barque pas dans un vestiaire inconnu, il arrive dans un projet o\u00f9 la relation avec le manager a d\u00e9j\u00e0 du poids.<\/p>\n\n\n\n<p class=\"wp-block-paragraph\">Son v\u00e9cu donne aussi de la mati\u00e8re \u00e0 ce r\u00f4le. <a href=\"https:\/\/mvz-sports.com\/fr\/rugby\">Rugby<\/a> Amateur r\u00e9pertori\u00e9 en 2026 <strong>Ga\u00ebl Fickou<\/strong> avec\u00a0374 feuilles de match avec Racing 92\u00a0. La donn\u00e9e demande \u00e0 \u00eatre relue dans son pr\u00e9cis, mais elle rappelle l&rsquo;\u00e9paisseur d&rsquo;un joueur habitu\u00e9 aux saisons longues, aux grands rendez-vous et aux vestiaires expos\u00e9s.<\/p>\n\n\n\n<h2 class=\"wp-block-heading\">Serin et Ollivon absents, le message de Mignoni est limpide<\/h2>\n\n\n\n<p class=\"wp-block-paragraph\">La vraie secousse vient de l\u00e0 : <a href=\"https:\/\/mvz-sports.com\/fr\/rugby\/players\/baptiste-serin\">Baptiste Serin<\/a> et <a href=\"https:\/\/mvz-sports.com\/fr\/rugby\/players\/charles-ollivon\">Charles Ollivon<\/a> ne sont pas dans le trio annonc\u00e9. \u00c0 Toulon, ce ne sont pas des noms neutres. Leur absence donne \u00e0 la nomination de Fickou une port\u00e9e plus large qu&rsquo;un simple brassard partag\u00e9.<\/p>\n\n\n\n<p class=\"wp-block-paragraph\"><strong>Mignoni<\/strong> dessine une hi\u00e9rarchie diff\u00e9rente. <strong>Ludlam<\/strong> et <strong>Ribbans<\/strong> apportent une continuit\u00e9 anglo-saxonne d\u00e9j\u00e0 install\u00e9e dans l&rsquo;effectif, tandis que Fickou incarne le retour d&rsquo;un international fran\u00e7ais form\u00e9 au club, avec un poids imm\u00e9diat dans la ligne de trois-quarts.<\/p>\n\n\n\n<p class=\"wp-block-paragraph\">Ce choix peut \u00e9galement servir \u00e0 d\u00e9placer l&rsquo;\u00e9nergie du groupe. Apr\u00e8s une saison conclue loin de la phase finale, le RCT avait besoin d&rsquo;un signal clair. Nommer <strong>Fickou<\/strong> aussi vite, c&rsquo;est dire que son retour n&rsquo;est pas un bonus marketing ou un joli symbole varois. Il doit tout compter de suite.<\/p>\n\n\n\n<p class=\"wp-block-paragraph\">La d\u00e9cision met donc tout le monde face \u00e0 une nouvelle r\u00e9alit\u00e9. Les cadres historiques restent importants, mais le leadership officiel passe par un autre canal. Dans un vestiaire aussi dense, ce genre de message n&rsquo;est jamais anodin.<\/p>\n\n\n\n<h2 class=\"wp-block-heading\">Bayonne arrive d\u00e9j\u00e0 comme un premier test pour ce nouveau leadership<\/h2>\n\n\n\n<p class=\"wp-block-paragraph\">Toulon lance sa saison samedi \u00e0 19h05 sur la pelouse de Bayonne. Pour <strong>Fickou<\/strong>, ce premier rendez-vous arrive vite, et c&rsquo;est justement ce qui rend la s\u00e9quence int\u00e9ressante.<\/p>\n\n\n\n<p class=\"wp-block-paragraph\">Le centre international aux 98 s\u00e9lections sera attendu sur son niveau de jeu, mais aussi sur ce qu&rsquo;il apporte autour de lui. Le RCT ne lui exige pas seulement d&rsquo;\u00eatre propre d\u00e9fensivement ou solide dans les duels. Le club lui confie une partie du ton de la saison.<\/p>\n\n\n\n<p class=\"wp-block-paragraph\">Cette nomination raconte aussi l&rsquo;ambition de <strong>Mignoni<\/strong>. Le manager veut un groupe capable de repartir plus haut, avec des joueurs qui savent porter la pression. Fickou, Ludlam et Ribbans forment un trio de capitaines tr\u00e8s marqu\u00e9 par l&rsquo;exp\u00e9rience, la dimension internationale et le combat.<\/p>\n\n\n\n<p class=\"wp-block-paragraph\">Le choix sera jug\u00e9 sur la dur\u00e9e, pas sur une annonce. Mais avant m\u00eame le coup d&rsquo;envoi \u00e0 Bayonne, Toulon a d\u00e9j\u00e0 chang\u00e9 une partie de son \u00e9quilibre interne. Fickou revient l\u00e0 o\u00f9 tout a commenc\u00e9, et <strong>Mignoni<\/strong> lui donne d\u00e9j\u00e0 les cl\u00e9s d&rsquo;un vestiaire qui n&rsquo;a plus vraiment le droit de vivre une saison ti\u00e8de.<\/p>\n\n\n\n<p class=\"wp-block-paragraph\"><\/p>\n","protected":false},"excerpt":{"rendered":"<p>Ga\u00ebl Fickou arrive \u00e0 Toulon avec un statut d\u00e9j\u00e0 \u00e9norme : Pierre Mignoni l&rsquo;installe d&rsquo;entr\u00e9e parmi les capitaines du RCT, un signal qui bouscule la hi\u00e9rarchie avant le d\u00e9placement \u00e0 Bayonne. Le RCT n&rsquo;a pas attendu de voir Ga\u00ebl Fickou encha\u00eener les matchs officiels sous ses nouvelles couleurs. \u00c0 peine revenu dans le Var, le [&hellip;]<\/p>\n","protected":false},"author":2,"featured_media":50852,"comment_status":"open","ping_status":"open","sticky":false,"template":"","format":"standard","meta":{"_acf_changed":false,"_seopress_robots_primary_cat":"none","_seopress_titles_title":"","_seopress_titles_desc":"","_seopress_robots_index":"","footnotes":""},"categories":[7],"tags":[],"class_list":["post-55305","post","type-post","status-publish","format-standard","has-post-thumbnail","hentry","category-rugby"],"acf":[],"_links":{"self":[{"href":"https:\/\/mvz-sports.com\/fr\/wp-json\/wp\/v2\/posts\/55305","targetHints":{"allow":["GET"]}}],"collection":[{"href":"https:\/\/mvz-sports.com\/fr\/wp-json\/wp\/v2\/posts"}],"about":[{"href":"https:\/\/mvz-sports.com\/fr\/wp-json\/wp\/v2\/types\/post"}],"author":[{"embeddable":true,"href":"https:\/\/mvz-sports.com\/fr\/wp-json\/wp\/v2\/users\/2"}],"replies":[{"embeddable":true,"href":"https:\/\/mvz-sports.com\/fr\/wp-json\/wp\/v2\/comments?post=55305"}],"version-history":[{"count":1,"href":"https:\/\/mvz-sports.com\/fr\/wp-json\/wp\/v2\/posts\/55305\/revisions"}],"predecessor-version":[{"id":55312,"href":"https:\/\/mvz-sports.com\/fr\/wp-json\/wp\/v2\/posts\/55305\/revisions\/55312"}],"wp:featuredmedia":[{"embeddable":true,"href":"https:\/\/mvz-sports.com\/fr\/wp-json\/wp\/v2\/media\/50852"}],"wp:attachment":[{"href":"https:\/\/mvz-sports.com\/fr\/wp-json\/wp\/v2\/media?parent=55305"}],"wp:term":[{"taxonomy":"category","embeddable":true,"href":"https:\/\/mvz-sports.com\/fr\/wp-json\/wp\/v2\/categories?post=55305"},{"taxonomy":"post_tag","embeddable":true,"href":"https:\/\/mvz-sports.com\/fr\/wp-json\/wp\/v2\/tags?post=55305"}],"curies":[{"name":"wp","href":"https:\/\/api.w.org\/{rel}","templated":true}]}}