{"id":55308,"date":"2026-09-01T18:45:00","date_gmt":"2026-09-01T16:45:00","guid":{"rendered":"https:\/\/mvz-sports.com\/fr\/?p=55308"},"modified":"2026-09-01T16:14:19","modified_gmt":"2026-09-01T14:14:19","slug":"et-si-le-debat-sur-lapres-galthie-allait-trop-vite-ugo-mola-rappelle-un-detail-que-tout-le-monde-oublie","status":"publish","type":"post","link":"https:\/\/mvz-sports.com\/fr\/rugby\/news\/et-si-le-debat-sur-lapres-galthie-allait-trop-vite-ugo-mola-rappelle-un-detail-que-tout-le-monde-oublie","title":{"rendered":"Et si le d\u00e9bat sur l\u2019apr\u00e8s-Galthi\u00e9 allait trop vite ? Ugo Mola rappelle un d\u00e9tail que tout le monde oublie"},"content":{"rendered":"\n<p class=\"wp-block-paragraph\"><strong>Ugo Mola ne ferme aucune porte sur le XV de France, mais il rappelle surtout une chose simple : le d\u00e9bat sur l&rsquo;apr\u00e8s-Galthi\u00e9 part peut-\u00eatre d&rsquo;une hypoth\u00e8se encore trop fragile.<\/strong><\/p>\n\n\n\n<p class=\"wp-block-paragraph\">Le nom d&rsquo;<strong>Ugo Mola<\/strong> revient naturellement d\u00e8s que la succession de <strong>Fabien Galthi\u00e9<\/strong> est \u00e9voqu\u00e9e. Le manager du <strong>Stade Toulousain<\/strong> a le CV, l&rsquo;autorit\u00e9 et les titres pour entrer dans la discussion. Mais sa derni\u00e8re prise de parole remplace le sujet au bon endroit : avant de chercher le prochain s\u00e9lectionneur, encore faut-il savoir si l&rsquo;actuel a vraiment pr\u00e9vu de partir.<\/p>\n\n\n\n<p class=\"wp-block-paragraph\">C&rsquo;est le c\u0153ur du dossier. Mola assure ne pas avoir \u00e9t\u00e9 sond\u00e9 et refuser de transformer une rumeur logique en sc\u00e9nario d\u00e9j\u00e0 \u00e9crit. Sa phrase la plus importante tient en quelques mots : Fabien Galthi\u00e9 n&rsquo;a pas d\u00e9cid\u00e9 d&rsquo;arr\u00eater, ou n&rsquo;a pas dit qu&rsquo;il ne postulerait pas \u00e0 sa propre succession.<\/p>\n\n\n\n<h2 class=\"wp-block-heading\">Ugo Mola calme le jeu sur une succession qui n&rsquo;existe pas encore<\/h2>\n\n\n\n<p class=\"wp-block-paragraph\">Interrog\u00e9 sur une possible arriv\u00e9e \u00e0 la t\u00eate des Bleus apr\u00e8s la <strong>Coupe du monde 2027<\/strong>, <strong>Ugo Mola<\/strong> r\u00e9pond d&rsquo;abord en renvoyant la d\u00e9cision vers les dirigeants. Il explique \u00eatre probablement \u00ab le dernier \u00e0 le savoir \u00bb et ajoute que les \u00e9ventuelles sollicitations autour de son staff, d&rsquo;autres managers ou d&rsquo;autres staffs seront connus peuvent-\u00eatre avant lui.<\/p>\n\n\n\n<p class=\"wp-block-paragraph\">Le message est clair sans \u00eatre ferm\u00e9. Mola ne ridiculise pas le sujet. Il ne fait pas non plus semblant de ne pas comprendre pourquoi son nom circule. Mais il refuse de s&rsquo;installer dans un feuilleton dont les bases restent incertaines.<\/p>\n\n\n\n<p class=\"wp-block-paragraph\">Sa formule sur le fait de ne pas avoir \u00e9t\u00e9 sond\u00e9 p\u00e8se lourd. Elle coupe court \u00e0 l&rsquo;id\u00e9e d&rsquo;un processus d\u00e9j\u00e0 avanc\u00e9. \u00c0 ce stade, le manager toulousain se place dans une posture d&rsquo;observateur concern\u00e9, pas dans celle d&rsquo;un candidat d\u00e9clar\u00e9.<\/p>\n\n\n\n<h2 class=\"wp-block-heading\">Le d\u00e9tail oubli\u00e9 : Galthi\u00e9 n&rsquo;a pas annonc\u00e9 son d\u00e9part<\/h2>\n\n\n\n<p class=\"wp-block-paragraph\">La partie la plus int\u00e9ressante de sa r\u00e9ponse concerne Fabien Galthi\u00e9 lui-m\u00eame. <strong>Ugo Mola<\/strong> rappelle que le s\u00e9lectionneur n&rsquo;a pas acte la fin de son aventure avec le <strong>XV de France<\/strong>. Dans le d\u00e9bat public, l&rsquo;apr\u00e8s-2027 est souvent trait\u00e9 comme une \u00e9vidence. Pour Mola, cette \u00e9vidence n\u2019en est pas une.<\/p>\n\n\n\n<p class=\"wp-block-paragraph\">Le calendrier entretient n\u00e9cessairement les sp\u00e9culations. La <strong>Coupe du monde 2027<\/strong> approche, le mandat actuel de Galthi\u00e9 alimente les questions et plusieurs grands managers du <a href=\"https:\/\/mvz-sports.com\/fr\/rugby\/competitions\/top-14\">Top 14<\/a> sont cit\u00e9s. Sud Ouest rapporte m\u00eame que le s\u00e9lectionneur est sous contrat jusqu&rsquo;en juin 2028, un point qui rend la discussion moins m\u00e9canique qu&rsquo;un simple passage de relais apr\u00e8s le Mondial.<\/p>\n\n\n\n<p class=\"wp-block-paragraph\"><strong>Fabien Galthi\u00e9<\/strong> conna\u00eet aussi le poids des cycles longs.\u00a0<strong>TF1+<\/strong>\u00a0rappelle qu&rsquo;il est n\u00e9 \u00e0 Cahors le 20 mars 1969 et qu&rsquo;il a grandi dans le Lot, au c\u0153ur du Sud-Ouest. Son parcours de joueur, notamment \u00e0 Colomiers puis au Stade Fran\u00e7ais, a d\u00e9j\u00e0 construit une relation dense avec le rugby fran\u00e7ais avant m\u00eame son r\u00f4le de s\u00e9lectionneur.<\/p>\n\n\n\n<p class=\"wp-block-paragraph\">Vu sous cet angle, parler de succession sans savoir si Galthi\u00e9 souhaite continuer revient \u00e0 sauter une \u00e9tape. Mola le souligne sans attaquer personne. C&rsquo;est prudent, mais ce n&rsquo;est pas neutre : il remet le pouvoir de d\u00e9cision l\u00e0 o\u00f9 il se trouve r\u00e9ellement.<\/p>\n\n\n\n<h2 class=\"wp-block-heading\">Pourquoi le nom de Mola reste impossible \u00e0 \u00e9carter<\/h2>\n\n\n\n<p class=\"wp-block-paragraph\">Si son nom revient, ce n&rsquo;est pas par hasard. Avec le Stade Toulousain, <strong>Ugo Mola<\/strong> est associ\u00e9 \u00e0 une p\u00e9riode de domination rare. Le texte de d\u00e9part mentionne six Brennus et deux Champions Cup sous sa direction, un bilan qui suffit \u00e0 expliquer pourquoi son profil attire l&rsquo;attention d\u00e8s qu&rsquo;un poste majeur se dessine.<\/p>\n\n\n\n<p class=\"wp-block-paragraph\">Son lien avec Toulouse ne date pas de son r\u00f4le de manager. Le\u00a0<strong>Stade Toulousain<\/strong>\u00a0rappelle qu&rsquo;il a \u00e9t\u00e9 joueur au club de 1990 \u00e0 1996, p\u00e9riode durant laquelle il a connu les grandes heures du Stade et remport\u00e9 le titre de champion de France et d&rsquo;Europe. Cette trajectoire donne du relief \u00e0 sa parole : Mola parle depuis l&rsquo;int\u00e9rieur d&rsquo;un club qui a nourri largement le XV de France.<\/p>\n\n\n\n<p class=\"wp-block-paragraph\">Lui-m\u00eame insiste pourtant sur le pi\u00e8ge de la r\u00e9ponse. S&rsquo;il balaie l&rsquo;id\u00e9e, il risque d&rsquo;\u00eatre per\u00e7u comme au-dessus du poste. S&rsquo;il ouvre la porte, certains y verront une proposition d\u00e9j\u00e0 re\u00e7ue. Sa sortie n&rsquo;est donc pas une esquive molle, mais une mani\u00e8re de ne pas r\u00e9aliser un \u00e9v\u00e9nement avant l&rsquo;heure.<\/p>\n\n\n\n<p class=\"wp-block-paragraph\">Le plus fort, dans sa position, tient peut-\u00eatre \u00e0 sa lecture sportive des Bleus. <strong>Mola<\/strong> affirme ne jamais avoir \u00e9t\u00e9 aussi convaincu que la France peut \u00eatre championne du monde en 2027. Il parle d&rsquo;une profondeur de talent exceptionnelle et d&rsquo;une concurrence \u00e0 tous les postes qui tirent le niveau vers le haut.<\/p>\n\n\n\n<p class=\"wp-block-paragraph\">Voil\u00e0 pourquoi le d\u00e9bat va vite. <strong>Le XV de France<\/strong> vise haut, Galthi\u00e9 reste au centre du projet, Mola repr\u00e9sente un successeur cr\u00e9dible, et le <a href=\"https:\/\/mvz-sports.com\/fr\/rugby\">rugby<\/a> fran\u00e7ais adore lire les cycles avant leur fin. Mais le d\u00e9tail rappel\u00e9 par le manager toulousain change tout : tant que Galthi\u00e9 n&rsquo;a pas dit qu&rsquo;il s&rsquo;arr\u00eatait, l&rsquo;apr\u00e8s-Galthi\u00e9 reste une question ouverte, pas un chantier lanc\u00e9.<\/p>\n\n\n\n<pre class=\"wp-block-preformatted\"><\/pre>\n\n\n\n<p class=\"wp-block-paragraph\"><\/p>\n","protected":false},"excerpt":{"rendered":"<p>Ugo Mola ne ferme aucune porte sur le XV de France, mais il rappelle surtout une chose simple : le d\u00e9bat sur l&rsquo;apr\u00e8s-Galthi\u00e9 part peut-\u00eatre d&rsquo;une hypoth\u00e8se encore trop fragile. Le nom d&rsquo;Ugo Mola revient naturellement d\u00e8s que la succession de Fabien Galthi\u00e9 est \u00e9voqu\u00e9e. Le manager du Stade Toulousain a le CV, l&rsquo;autorit\u00e9 et [&hellip;]<\/p>\n","protected":false},"author":6,"featured_media":49265,"comment_status":"open","ping_status":"open","sticky":false,"template":"","format":"standard","meta":{"_acf_changed":false,"_seopress_robots_primary_cat":"none","_seopress_titles_title":"","_seopress_titles_desc":"","_seopress_robots_index":"","footnotes":""},"categories":[7],"tags":[],"class_list":["post-55308","post","type-post","status-publish","format-standard","has-post-thumbnail","hentry","category-rugby"],"acf":[],"_links":{"self":[{"href":"https:\/\/mvz-sports.com\/fr\/wp-json\/wp\/v2\/posts\/55308","targetHints":{"allow":["GET"]}}],"collection":[{"href":"https:\/\/mvz-sports.com\/fr\/wp-json\/wp\/v2\/posts"}],"about":[{"href":"https:\/\/mvz-sports.com\/fr\/wp-json\/wp\/v2\/types\/post"}],"author":[{"embeddable":true,"href":"https:\/\/mvz-sports.com\/fr\/wp-json\/wp\/v2\/users\/6"}],"replies":[{"embeddable":true,"href":"https:\/\/mvz-sports.com\/fr\/wp-json\/wp\/v2\/comments?post=55308"}],"version-history":[{"count":1,"href":"https:\/\/mvz-sports.com\/fr\/wp-json\/wp\/v2\/posts\/55308\/revisions"}],"predecessor-version":[{"id":55311,"href":"https:\/\/mvz-sports.com\/fr\/wp-json\/wp\/v2\/posts\/55308\/revisions\/55311"}],"wp:featuredmedia":[{"embeddable":true,"href":"https:\/\/mvz-sports.com\/fr\/wp-json\/wp\/v2\/media\/49265"}],"wp:attachment":[{"href":"https:\/\/mvz-sports.com\/fr\/wp-json\/wp\/v2\/media?parent=55308"}],"wp:term":[{"taxonomy":"category","embeddable":true,"href":"https:\/\/mvz-sports.com\/fr\/wp-json\/wp\/v2\/categories?post=55308"},{"taxonomy":"post_tag","embeddable":true,"href":"https:\/\/mvz-sports.com\/fr\/wp-json\/wp\/v2\/tags?post=55308"}],"curies":[{"name":"wp","href":"https:\/\/api.w.org\/{rel}","templated":true}]}}