{"id":5884,"date":"2025-03-22T22:49:00","date_gmt":"2025-03-22T22:49:00","guid":{"rendered":"https:\/\/mvz-sports.com\/fr\/football\/news\/fr-mma-news-ufc-londres-ulberg-fait-plier-blachowicz-dans-un-combat-plus-serre-que-prevu"},"modified":"2025-11-28T10:03:31","modified_gmt":"2025-11-28T10:03:31","slug":"ufc-londres-ulberg-fait-plier-blachowicz-dans-un-combat-plus-serre-que-prevu","status":"publish","type":"post","link":"https:\/\/mvz-sports.com\/fr\/mma\/news\/ufc-londres-ulberg-fait-plier-blachowicz-dans-un-combat-plus-serre-que-prevu","title":{"rendered":"UFC Londres : Ulberg fait plier Blachowicz dans un combat plus serr\u00e9 que pr\u00e9vu"},"content":{"rendered":"<div class=\"column column-2\">\n<div><\/div>\n<div>\n<p>\u00c0 l\u2019<a href=\"https:\/\/mvz-sports.com\/fr\/mma\/insights\/ufc-fight-night-255-carte-horaire-et-diffusion-avec-edwards-vs-brady\">UFC Fight Night 255<\/a> de Londres, l\u2019exp\u00e9rience de <a href=\"https:\/\/mvz-sports.com\/fr\/mma\/fighters\/jan-blachowicz\"><strong>Jan Blachowicz<\/strong><\/a>, 42 ans, \u00e9tait oppos\u00e9e \u00e0 la mont\u00e9e en puissance de <a href=\"https:\/\/mvz-sports.com\/fr\/mma\/fighters\/carlos-ulberg\"><strong>Carlos Ulberg<\/strong><\/a>, prodige du <strong>City Kickboxing<\/strong>. Sur le papier, la jeunesse et la forme \u00e9taient du c\u00f4t\u00e9 du N\u00e9o-Z\u00e9landais. Mais dans la cage, la r\u00e9alit\u00e9 a \u00e9t\u00e9 bien plus complexe.<\/p>\n<\/div>\n<\/div>\n<p><h2>Blachowicz : la pression constante d\u00e8s le d\u00e9but<\/h2>\n<\/p>\n<p>Absent de l\u2019octogone depuis un an et demi, <strong>Blachowicz<\/strong> faisait son retour avec l\u2019envie de rappeler qu\u2019il reste un nom majeur de la cat\u00e9gorie. Comme \u00e0 son habitude, il entre dans le combat avec beaucoup de mouvement, avan\u00e7ant constamment pour casser la distance et emp\u00eacher Ulberg d\u2019installer son kickboxing.<\/p>\n<blockquote class=\"twitter-tweet\"><p><a href=\"https:\/\/twitter.com\/UFCEurope\/status\/1903578961688556012\"><\/a><\/p><\/blockquote>\n<p>Le <strong>premier round est tr\u00e8s \u00e9quilibr\u00e9<\/strong>. Le Polonais touche davantage (17 frappes significatives contre 13), sans pour autant dominer franchement. Ulberg reste mobile, place quelques touches pr\u00e9cises, et montre qu\u2019il ne se laissera pas enfermer facilement.<\/p>\n<p><h3>Round 2 : Ulberg hausse le ton<\/h3>\n<\/p>\n<p>Au deuxi\u00e8me round, <strong>Ulberg<\/strong> commence \u00e0 jouer sur ses atouts naturels : <strong>allonge (186 cm)<\/strong>, pr\u00e9cision et feintes. Il surprend m\u00eame avec une tentative d\u2019amen\u00e9e au sol, plus psychologique que strat\u00e9gique. Le rythme augmente, les frappes s\u2019encha\u00eenent, mais <strong>le combat reste tr\u00e8s serr\u00e9<\/strong>, aucune domination flagrante.<\/p>\n<p>Blachowicz continue d\u2019avancer, de mettre la pression, mais Ulberg s\u2019adapte, touche plus souvent, et commence \u00e0 marquer des points.<\/p>\n<p><h3>Round 3 : la d\u00e9cision se joue sur des d\u00e9tails<\/h3>\n<\/p>\n<p>Dans le dernier round, tout est encore possible. Blachowicz ne l\u00e2che rien, toujours en avan\u00e7ant, mais <strong>Ulberg contr\u00f4le bien la distance<\/strong> et \u00e9vite les frappes lourdes. Le N\u00e9o-Z\u00e9landais tente une nouvelle amen\u00e9e au sol, repouss\u00e9e par le Polonais, mais cette initiative illustre la g\u00eane qu\u2019il ressent face \u00e0 la pression constante.<\/p>\n<blockquote class=\"twitter-tweet\"><p><a href=\"https:\/\/twitter.com\/UFCEurope\/status\/1903578961688556012\"><\/a><\/p><\/blockquote>\n<p>Hormis une <strong>petite ouverture \u00e0 l\u2019arcade de Blachowicz<\/strong>, aucun moment cl\u00e9 ne vient vraiment trancher. Mais sur l\u2019ensemble du combat, Ulberg a su <strong>\u00eatre plus propre, plus pr\u00e9cis<\/strong>, et les juges le confirment : <strong>victoire par d\u00e9cision unanime<\/strong> pour le N\u00e9o-Z\u00e9landais.<\/p>\n","protected":false},"excerpt":{"rendered":"<p>\u00c0 l\u2019UFC Fight Night 255 de Londres, l\u2019exp\u00e9rience de Jan Blachowicz, 42 ans, \u00e9tait oppos\u00e9e \u00e0 la mont\u00e9e en puissance de Carlos Ulberg, prodige du City Kickboxing. Sur le papier, la jeunesse et la forme \u00e9taient du c\u00f4t\u00e9 du N\u00e9o-Z\u00e9landais. Mais dans la cage, la r\u00e9alit\u00e9 a \u00e9t\u00e9 bien plus complexe. Blachowicz : la pression [&hellip;]<\/p>\n","protected":false},"author":1,"featured_media":0,"comment_status":"open","ping_status":"open","sticky":false,"template":"","format":"standard","meta":{"_acf_changed":false,"_seopress_robots_primary_cat":"","_seopress_titles_title":"UFC Londres : Ulberg s\u2019impose face \u00e0 Jan Blachowicz","_seopress_titles_desc":"Carlos Ulberg s\u2019offre une victoire importante par d\u00e9cision unanime contre Jan Blachowicz \u00e0 l\u2019UFC Fight Night 255. Retour sur un combat technique !","_seopress_robots_index":"","footnotes":""},"categories":[9],"tags":[],"class_list":["post-5884","post","type-post","status-publish","format-standard","hentry","category-mma"],"acf":[],"_links":{"self":[{"href":"https:\/\/mvz-sports.com\/fr\/wp-json\/wp\/v2\/posts\/5884","targetHints":{"allow":["GET"]}}],"collection":[{"href":"https:\/\/mvz-sports.com\/fr\/wp-json\/wp\/v2\/posts"}],"about":[{"href":"https:\/\/mvz-sports.com\/fr\/wp-json\/wp\/v2\/types\/post"}],"author":[{"embeddable":true,"href":"https:\/\/mvz-sports.com\/fr\/wp-json\/wp\/v2\/users\/1"}],"replies":[{"embeddable":true,"href":"https:\/\/mvz-sports.com\/fr\/wp-json\/wp\/v2\/comments?post=5884"}],"version-history":[{"count":0,"href":"https:\/\/mvz-sports.com\/fr\/wp-json\/wp\/v2\/posts\/5884\/revisions"}],"wp:attachment":[{"href":"https:\/\/mvz-sports.com\/fr\/wp-json\/wp\/v2\/media?parent=5884"}],"wp:term":[{"taxonomy":"category","embeddable":true,"href":"https:\/\/mvz-sports.com\/fr\/wp-json\/wp\/v2\/categories?post=5884"},{"taxonomy":"post_tag","embeddable":true,"href":"https:\/\/mvz-sports.com\/fr\/wp-json\/wp\/v2\/tags?post=5884"}],"curies":[{"name":"wp","href":"https:\/\/api.w.org\/{rel}","templated":true}]}}