{"id":5914,"date":"2025-04-01T18:10:00","date_gmt":"2025-04-01T18:10:00","guid":{"rendered":"https:\/\/mvz-sports.com\/fr\/football\/news\/fr-football-news-zubimendi-au-real-madrid-transfert-imminent-pour-60-millions-deuros"},"modified":"2025-11-28T10:03:29","modified_gmt":"2025-11-28T10:03:29","slug":"zubimendi-au-real-madrid-transfert-imminent-pour-60-millions-deuros","status":"publish","type":"post","link":"https:\/\/mvz-sports.com\/fr\/football\/news\/zubimendi-au-real-madrid-transfert-imminent-pour-60-millions-deuros","title":{"rendered":"Zubimendi au Real Madrid : transfert imminent pour 60 millions d\u2019euros"},"content":{"rendered":"<div class=\"column column-2\">\n<div><\/div>\n<div>\n<p>Le <a href=\"https:\/\/mvz-sports.com\/fr\/football\/teams\/real-madrid\">Real Madrid<\/a> est sur le point de concr\u00e9tiser une op\u00e9ration majeure sur le march\u00e9 des transferts : l\u2019arriv\u00e9e de Mart\u00edn Zubimendi. Le milieu d\u00e9fensif de la <a href=\"https:\/\/mvz-sports.com\/fr\/football\/teams\/real-sociedad\">Real Sociedad<\/a> figure parmi les trois grandes priorit\u00e9s du club pour l\u2019\u00e9t\u00e9 2025, aux c\u00f4t\u00e9s du d\u00e9fenseur <a href=\"https:\/\/mvz-sports.com\/fr\/football\/players\/dean-huijsen\">Huijsen<\/a> et du lat\u00e9ral Trent Alexander-Arnold.<\/p>\n<\/div>\n<\/div>\n<p>Cette volont\u00e9 s\u2019explique par les lacunes structurelles observ\u00e9es cette saison au milieu de terrain et en d\u00e9fense. Le club veut \u00e9viter de reproduire les m\u00eames faiblesses dans un exercice 2025-2026 o\u00f9 la profondeur d\u2019effectif sera cruciale, notamment avec la r\u00e9forme du calendrier UEFA.<\/p>\n<p><h2>Une strat\u00e9gie ma\u00eetris\u00e9e autour de Zubimendi<\/h2>\n<\/p>\n<p>Selon _AS_, la direction madril\u00e8ne a d\u00e9cid\u00e9 d\u2019agir avec prudence mais fermet\u00e9. Le Real ne souhaite pas pr\u00e9cipiter l\u2019annonce mais veut verrouiller le dossier en amont pour \u00e9viter toute surench\u00e8re. La clause lib\u00e9ratoire du joueur, fix\u00e9e \u00e0 <strong>60 millions d\u2019euros<\/strong>, est connue depuis l\u2019\u00e9t\u00e9 dernier.<\/p>\n<p>Liverpool avait activ\u00e9 cette clause en 2024, mais le Real Madrid avait convaincu Zubimendi de patienter une saison. Un coup strat\u00e9gique qui semble aujourd\u2019hui payer. Le joueur, conscient de l\u2019int\u00e9r\u00eat constant de Madrid, se montre ouvert \u00e0 cette nouvelle \u00e9tape de sa carri\u00e8re.<\/p>\n<p><h3>Pourquoi Zubimendi ? Un profil rare et essentiel<\/h3>\n<\/p>\n<p>Le Real Madrid ne cible pas Zubimendi au hasard. Form\u00e9 \u00e0 la Real Sociedad, l\u2019international espagnol de 26 ans s\u2019est impos\u00e9 comme un mod\u00e8le d\u2019intelligence tactique, de fiabilit\u00e9 d\u00e9fensive et de constance dans la relance. Son profil s\u2019apparente \u00e0 celui de Busquets dans ses grandes ann\u00e9es, avec une touche plus moderne.<\/p>\n<p>Il apporte un \u00e9quilibre que Madrid a parfois perdu cette saison, malgr\u00e9 la polyvalence de Camavinga et Tchouam\u00e9ni. L\u2019objectif est clair : stabiliser l\u2019axe du milieu et lib\u00e9rer davantage les joueurs \u00e0 vocation offensive.<\/p>\n<p><h3>Clause activ\u00e9e, signature imminente<\/h3>\n<\/p>\n<p>Les signaux sont au vert : la clause est toujours active, le joueur est d\u2019accord, et le Real Madrid semble pr\u00eat \u00e0 finaliser le dossier d\u00e8s l\u2019ouverture du mercato. \u00ab\u00a0Le Real reste d\u00e9termin\u00e9 \u00e0 recruter le joueur \u00e0 tout prix\u00a0\u00bb, assure la presse espagnole.<\/p>\n<p>En verrouillant Zubimendi, le club madril\u00e8ne s\u00e9curise un poste-cl\u00e9 pour les cinq prochaines saisons. Le recrutement de Huijsen en d\u00e9fense centrale et d\u2019Alexander-Arnold \u00e0 droite pourrait suivre pour boucler un mercato tr\u00e8s cibl\u00e9.<\/p>\n","protected":false},"excerpt":{"rendered":"<p>Le Real Madrid est sur le point de concr\u00e9tiser une op\u00e9ration majeure sur le march\u00e9 des transferts : l\u2019arriv\u00e9e de Mart\u00edn Zubimendi. Le milieu d\u00e9fensif de la Real Sociedad figure parmi les trois grandes priorit\u00e9s du club pour l\u2019\u00e9t\u00e9 2025, aux c\u00f4t\u00e9s du d\u00e9fenseur Huijsen et du lat\u00e9ral Trent Alexander-Arnold. Cette volont\u00e9 s\u2019explique par les [&hellip;]<\/p>\n","protected":false},"author":1,"featured_media":0,"comment_status":"open","ping_status":"open","sticky":false,"template":"","format":"standard","meta":{"_acf_changed":false,"_seopress_robots_primary_cat":"","_seopress_titles_title":"Mercato : Zubimendi vers le Real Madrid","_seopress_titles_desc":"Le Real Madrid s\u2019appr\u00eate \u00e0 finaliser l\u2019arriv\u00e9e de Mart\u00edn Zubimendi. Pourquoi ce transfert change la donne pour l\u2019effectif madril\u00e8ne ?","_seopress_robots_index":"","footnotes":""},"categories":[1],"tags":[],"class_list":["post-5914","post","type-post","status-publish","format-standard","hentry","category-football"],"acf":[],"_links":{"self":[{"href":"https:\/\/mvz-sports.com\/fr\/wp-json\/wp\/v2\/posts\/5914","targetHints":{"allow":["GET"]}}],"collection":[{"href":"https:\/\/mvz-sports.com\/fr\/wp-json\/wp\/v2\/posts"}],"about":[{"href":"https:\/\/mvz-sports.com\/fr\/wp-json\/wp\/v2\/types\/post"}],"author":[{"embeddable":true,"href":"https:\/\/mvz-sports.com\/fr\/wp-json\/wp\/v2\/users\/1"}],"replies":[{"embeddable":true,"href":"https:\/\/mvz-sports.com\/fr\/wp-json\/wp\/v2\/comments?post=5914"}],"version-history":[{"count":0,"href":"https:\/\/mvz-sports.com\/fr\/wp-json\/wp\/v2\/posts\/5914\/revisions"}],"wp:attachment":[{"href":"https:\/\/mvz-sports.com\/fr\/wp-json\/wp\/v2\/media?parent=5914"}],"wp:term":[{"taxonomy":"category","embeddable":true,"href":"https:\/\/mvz-sports.com\/fr\/wp-json\/wp\/v2\/categories?post=5914"},{"taxonomy":"post_tag","embeddable":true,"href":"https:\/\/mvz-sports.com\/fr\/wp-json\/wp\/v2\/tags?post=5914"}],"curies":[{"name":"wp","href":"https:\/\/api.w.org\/{rel}","templated":true}]}}