{"id":5967,"date":"2025-04-23T16:40:00","date_gmt":"2025-04-23T16:40:00","guid":{"rendered":"https:\/\/mvz-sports.com\/fr\/football\/news\/fr-football-news-franck-ribery-de-retour-a-l-om-pour-les-125-ans-du-club"},"modified":"2025-11-28T10:03:28","modified_gmt":"2025-11-28T10:03:28","slug":"franck-ribery-de-retour-a-l-om-pour-les-125-ans-du-club","status":"publish","type":"post","link":"https:\/\/mvz-sports.com\/fr\/football\/news\/franck-ribery-de-retour-a-l-om-pour-les-125-ans-du-club","title":{"rendered":"Franck Rib\u00e9ry de retour \u00e0 l&rsquo;OM pour les 125 ans du club !"},"content":{"rendered":"<div class=\"column column-2\">\n<div><\/div>\n<div>\n<p>Le 2 mai prochain, l\u2019<a href=\"https:\/\/mvz-sports.com\/fr\/football\/teams\/om\">Olympique de Marseille<\/a> ne f\u00eatera pas seulement un anniversaire : il c\u00e9l\u00e9brera sa l\u00e9gende. Pour ses 125 ans, le club phoc\u00e9en organise un match exceptionnel au V\u00e9lodrome r\u00e9unissant les plus grands noms qui ont marqu\u00e9 son histoire. L\u2019\u00e9v\u00e9nement promet d\u00e9j\u00e0 d\u2019\u00eatre inoubliable avec la confirmation de la participation de <a href=\"https:\/\/fr.wikipedia.org\/wiki\/Franck_Rib%C3%A9ry\">Franck Rib\u00e9ry<\/a>.<\/p>\n<\/div>\n<\/div>\n<p><h2>Rib\u00e9ry, un retour symbolique<\/h2>\n<\/p>\n<p>Ancien chouchou du V\u00e9lodrome, Rib\u00e9ry a marqu\u00e9 les esprits malgr\u00e9 un passage \u00e9clair entre 2005 et 2007. Sa fougue, sa technique et son caract\u00e8re avaient instantan\u00e9ment conquis les supporters. Transf\u00e9r\u00e9 au <a href=\"https:\/\/mvz-sports.com\/fr\/football\/teams\/bayern-munich\">Bayern Munich<\/a> o\u00f9 il conna\u00eetra la gloire, le natif de Boulogne-sur-Mer n\u2019a jamais cach\u00e9 son attachement \u00e0 l\u2019OM. \u00c0 41 ans, et retrait\u00e9 depuis 2022, \u00ab\u00a0Kaiser Franck\u00a0\u00bb revient fouler la pelouse marseillaise pour un ultime tour de piste, le temps d\u2019un match de gala.<\/p>\n<blockquote class=\"twitter-tweet\"><p><a href=\"https:\/\/twitter.com\/OM_Officiel\/status\/1915072154120380526\"><\/a><\/p><\/blockquote>\n<p><h3>Un casting cinq \u00e9toiles<\/h3>\n<\/p>\n<p>La rencontre r\u00e9unira une pl\u00e9iade d\u2019anciens talents olympiens : Didier Drogba, Samir Nasri, Mamadou Niang, Robert Pir\u00e8s\u2026 Des noms qui r\u00e9sonnent fort pour tous les amoureux du club. Le match des l\u00e9gendes sera l\u2019occasion de voir plusieurs g\u00e9n\u00e9rations de joueurs se retrouver sous le m\u00eame maillot, dans une ambiance qui s\u2019annonce aussi festive que nostalgique.<\/p>\n<p><h3>Un \u00e9v\u00e9nement pour raviver la flamme<\/h3>\n<\/p>\n<p>Au-del\u00e0 de l\u2019aspect festif, cette soir\u00e9e est aussi un coup de communication fort pour l\u2019OM, en qu\u00eate de stabilit\u00e9 sportive ces derni\u00e8res saisons. Rassembler autant de figures embl\u00e9matiques, c\u2019est offrir aux supporters un moment de fiert\u00e9 et de m\u00e9moire, tout en rappelant la grandeur historique du club. Le retour de Rib\u00e9ry, m\u00eame pour 90 minutes symboliques, cristallise cette volont\u00e9 de renouer avec un certain ADN marseillais.<\/p>\n","protected":false},"excerpt":{"rendered":"<p>Le 2 mai prochain, l\u2019Olympique de Marseille ne f\u00eatera pas seulement un anniversaire : il c\u00e9l\u00e9brera sa l\u00e9gende. Pour ses 125 ans, le club phoc\u00e9en organise un match exceptionnel au V\u00e9lodrome r\u00e9unissant les plus grands noms qui ont marqu\u00e9 son histoire. L\u2019\u00e9v\u00e9nement promet d\u00e9j\u00e0 d\u2019\u00eatre inoubliable avec la confirmation de la participation de Franck Rib\u00e9ry. [&hellip;]<\/p>\n","protected":false},"author":1,"featured_media":0,"comment_status":"open","ping_status":"open","sticky":false,"template":"","format":"standard","meta":{"_acf_changed":false,"_seopress_robots_primary_cat":"","_seopress_titles_title":"Franck Rib\u00e9ry est de retour avec l\u2019OM","_seopress_titles_desc":"Franck Rib\u00e9ry rechaussera les crampons au V\u00e9lodrome pour les 125 ans de l\u2019OM. Un \u00e9v\u00e9nement unique aux c\u00f4t\u00e9s de Drogba, Nasri ou Pires.","_seopress_robots_index":"","footnotes":""},"categories":[1],"tags":[],"class_list":["post-5967","post","type-post","status-publish","format-standard","hentry","category-football"],"acf":[],"_links":{"self":[{"href":"https:\/\/mvz-sports.com\/fr\/wp-json\/wp\/v2\/posts\/5967","targetHints":{"allow":["GET"]}}],"collection":[{"href":"https:\/\/mvz-sports.com\/fr\/wp-json\/wp\/v2\/posts"}],"about":[{"href":"https:\/\/mvz-sports.com\/fr\/wp-json\/wp\/v2\/types\/post"}],"author":[{"embeddable":true,"href":"https:\/\/mvz-sports.com\/fr\/wp-json\/wp\/v2\/users\/1"}],"replies":[{"embeddable":true,"href":"https:\/\/mvz-sports.com\/fr\/wp-json\/wp\/v2\/comments?post=5967"}],"version-history":[{"count":0,"href":"https:\/\/mvz-sports.com\/fr\/wp-json\/wp\/v2\/posts\/5967\/revisions"}],"wp:attachment":[{"href":"https:\/\/mvz-sports.com\/fr\/wp-json\/wp\/v2\/media?parent=5967"}],"wp:term":[{"taxonomy":"category","embeddable":true,"href":"https:\/\/mvz-sports.com\/fr\/wp-json\/wp\/v2\/categories?post=5967"},{"taxonomy":"post_tag","embeddable":true,"href":"https:\/\/mvz-sports.com\/fr\/wp-json\/wp\/v2\/tags?post=5967"}],"curies":[{"name":"wp","href":"https:\/\/api.w.org\/{rel}","templated":true}]}}