{"id":5970,"date":"2025-04-25T16:14:00","date_gmt":"2025-04-25T16:14:00","guid":{"rendered":"https:\/\/mvz-sports.com\/fr\/football\/news\/fr-mma-news-patrice-evra-fait-ses-debuts-en-mma-rendez-vous-le-23-mai-a-l-accor-arena"},"modified":"2025-11-28T10:03:27","modified_gmt":"2025-11-28T10:03:27","slug":"patrice-evra-fait-ses-debuts-en-mma-rendez-vous-le-23-mai-a-l-accor-arena","status":"publish","type":"post","link":"https:\/\/mvz-sports.com\/fr\/mma\/news\/patrice-evra-fait-ses-debuts-en-mma-rendez-vous-le-23-mai-a-l-accor-arena","title":{"rendered":"Patrice Evra fait ses d\u00e9buts en MMA : rendez-vous le 23 mai \u00e0 l\u2019Accor Arena !"},"content":{"rendered":"<div class=\"column column-2\">\n<div><\/div>\n<div>\n<p>Patrice Evra, figure embl\u00e9matique du football fran\u00e7ais, se lance un nouveau d\u00e9fi : le MMA. \u00c0 43 ans, l\u2019ancien lat\u00e9ral gauche disputera son tout premier combat lors du PFL Europe, pr\u00e9vu le 23 mai \u00e0 l\u2019Accor Arena de Paris. L\u2019annonce a \u00e9t\u00e9 officialis\u00e9e ce vendredi par la Professional Fighters League (PFL) dans un communiqu\u00e9.<\/p>\n<\/div>\n<\/div>\n<p>\u00ab Je m&rsquo;entra\u00eene depuis des ann\u00e9es avec les meilleurs au monde, et eux aussi vous diront que je suis pr\u00eat. Je vais offrir un show \u00e0 l&rsquo;Accor Arena le 23 mai, venez assister au spectacle \u00bb, promet Evra, fort de ses 83 s\u00e9lections avec l&rsquo;\u00e9quipe de France entre 2004 et 2016.<\/p>\n<p><h2>Une pr\u00e9paration s\u00e9rieuse et une amiti\u00e9 solide avec C\u00e9dric Doumb\u00e8<\/h2>\n<\/p>\n<p>Depuis plusieurs ann\u00e9es, Patrice Evra se pr\u00e9pare s\u00e9rieusement aux sports de combat, s\u2019entra\u00eenant notamment aux c\u00f4t\u00e9s de champions reconnus. Proche de <a href=\"https:\/\/mvz-sports.com\/fr\/mma\/fighters\/cedric-doumbe\">C\u00e9dric Doumb\u00e8<\/a>, star du PFL, Evra b\u00e9n\u00e9ficie de conseils pr\u00e9cieux pour aborder cette transition. Le nom de son adversaire pour cette premi\u00e8re affiche n\u2019a pas encore \u00e9t\u00e9 d\u00e9voil\u00e9 mais \u00ab suivra prochainement \u00bb, pr\u00e9cise la PFL.<\/p>\n<blockquote class=\"twitter-tweet\"><p><a href=\"https:\/\/twitter.com\/RMCSportCombat\/status\/1915782867768234132\"><\/a><\/p><\/blockquote>\n<p>Avec son sens du spectacle intact, Evra a d\u2019ailleurs lanc\u00e9 une pique pleine d\u2019humour sur X (ex-Twitter) : \u00ab Ils m&rsquo;ont demand\u00e9 qui je voulais affronter. J&rsquo;ai r\u00e9pondu : Luis Su\u00e1rez. Je paierai de ma poche. Il peut m\u00eame me mordre \u00bb, en r\u00e9f\u00e9rence au c\u00e9l\u00e8bre incident de 2011 entre l&rsquo;Uruguayen et lui, lors d&rsquo;un Liverpool-Manchester United sous haute tension.<\/p>\n<p><h3>Une reconversion sous haute attention<\/h3>\n<\/p>\n<div class=\"column column-2\">\n<div>\n<p>La reconversion d\u2019Evra dans le MMA attire d\u00e9j\u00e0 tous les regards. Habitu\u00e9 des grandes sc\u00e8nes, l\u2019ancien capitaine des Bleus semble d\u00e9termin\u00e9 \u00e0 impressionner aussi dans la cage. Le PFL Europe Paris promet un \u00e9v\u00e9nement spectaculaire, m\u00ealant figures confirm\u00e9es et nouvelles attractions comme Evra.<\/p>\n<\/div>\n<div><\/div>\n<\/div>\n<p>\u00c0 mesure que la date approche, l\u2019attente autour de l\u2019identit\u00e9 de son premier adversaire grandit. Une chose est s\u00fbre : le 23 mai, l&rsquo;Accor Arena vibrera au rythme d&rsquo;un d\u00e9fi in\u00e9dit pour une l\u00e9gende du ballon rond.<\/p>\n<p><h3>FAQ :<\/h3>\n<\/p>\n<p>&#8211; Qui est Patrice Evra ?<\/p>\n<p>\tUn ancien footballeur international fran\u00e7ais, capitaine des Bleus, aujourd\u2019hui reconverti dans le MMA.<\/p>\n<p>&#8211; Quand aura lieu son premier combat ?<\/p>\n<p>\tLe 23 mai 2025, lors du PFL Europe Paris \u00e0 l&rsquo;Accor Arena.<\/p>\n<p>&#8211; Qui sera son adversaire ?<\/p>\n<p>\tLe nom n\u2019a pas encore \u00e9t\u00e9 d\u00e9voil\u00e9.<\/p>\n<p>&#8211; Pourquoi Patrice Evra parle-t-il de Luis Su\u00e1rez ?<\/p>\n<p>\tEn r\u00e9f\u00e9rence \u00e0 une vieille pol\u00e9mique de 2011 entre eux en Premier League.<\/p>\n","protected":false},"excerpt":{"rendered":"<p>Patrice Evra, figure embl\u00e9matique du football fran\u00e7ais, se lance un nouveau d\u00e9fi : le MMA. \u00c0 43 ans, l\u2019ancien lat\u00e9ral gauche disputera son tout premier combat lors du PFL Europe, pr\u00e9vu le 23 mai \u00e0 l\u2019Accor Arena de Paris. L\u2019annonce a \u00e9t\u00e9 officialis\u00e9e ce vendredi par la Professional Fighters League (PFL) dans un communiqu\u00e9. \u00ab [&hellip;]<\/p>\n","protected":false},"author":1,"featured_media":0,"comment_status":"open","ping_status":"open","sticky":false,"template":"","format":"standard","meta":{"_acf_changed":false,"_seopress_robots_primary_cat":"","_seopress_titles_title":"MMA : Patrice Evra veut combattre Luis Suarez","_seopress_titles_desc":"L'ex-capitaine des Bleus Patrice Evra d\u00e9bute en MMA lors du PFL Europe \u00e0 l'Accor Arena le 23 mai. D\u00e9couvrez tous les d\u00e9tails de ce d\u00e9fi inattendu !","_seopress_robots_index":"","footnotes":""},"categories":[9],"tags":[],"class_list":["post-5970","post","type-post","status-publish","format-standard","hentry","category-mma"],"acf":[],"_links":{"self":[{"href":"https:\/\/mvz-sports.com\/fr\/wp-json\/wp\/v2\/posts\/5970","targetHints":{"allow":["GET"]}}],"collection":[{"href":"https:\/\/mvz-sports.com\/fr\/wp-json\/wp\/v2\/posts"}],"about":[{"href":"https:\/\/mvz-sports.com\/fr\/wp-json\/wp\/v2\/types\/post"}],"author":[{"embeddable":true,"href":"https:\/\/mvz-sports.com\/fr\/wp-json\/wp\/v2\/users\/1"}],"replies":[{"embeddable":true,"href":"https:\/\/mvz-sports.com\/fr\/wp-json\/wp\/v2\/comments?post=5970"}],"version-history":[{"count":0,"href":"https:\/\/mvz-sports.com\/fr\/wp-json\/wp\/v2\/posts\/5970\/revisions"}],"wp:attachment":[{"href":"https:\/\/mvz-sports.com\/fr\/wp-json\/wp\/v2\/media?parent=5970"}],"wp:term":[{"taxonomy":"category","embeddable":true,"href":"https:\/\/mvz-sports.com\/fr\/wp-json\/wp\/v2\/categories?post=5970"},{"taxonomy":"post_tag","embeddable":true,"href":"https:\/\/mvz-sports.com\/fr\/wp-json\/wp\/v2\/tags?post=5970"}],"curies":[{"name":"wp","href":"https:\/\/api.w.org\/{rel}","templated":true}]}}