{"id":5971,"date":"2025-04-26T22:52:00","date_gmt":"2025-04-26T22:52:00","guid":{"rendered":"https:\/\/mvz-sports.com\/fr\/football\/news\/fr-football-news-le-fc-barcelone-soffre-une-coupe-du-roi-epique-face-au-real-madrid"},"modified":"2025-11-28T10:03:27","modified_gmt":"2025-11-28T10:03:27","slug":"le-fc-barcelone-soffre-une-coupe-du-roi-epique-face-au-real-madrid","status":"publish","type":"post","link":"https:\/\/mvz-sports.com\/fr\/football\/news\/le-fc-barcelone-soffre-une-coupe-du-roi-epique-face-au-real-madrid","title":{"rendered":"Le FC Barcelone s&rsquo;offre une Coupe du Roi \u00e9pique face au Real Madrid"},"content":{"rendered":"<div class=\"column column-2\">\n<div><\/div>\n<div>\n<p>La finale de la <a href=\"https:\/\/mvz-sports.com\/fr\/football\/competitions\/coupe-du-roi\">Coupe du Roi<\/a> opposant le <a href=\"https:\/\/mvz-sports.com\/fr\/football\/teams\/fc-barcelone\">FC Barcelone<\/a> au <a href=\"https:\/\/mvz-sports.com\/fr\/football\/teams\/real-madrid\">Real Madrid<\/a>, samedi soir \u00e0 S\u00e9ville, a tenu toutes ses promesses. Malgr\u00e9 les menaces madril\u00e8nes de boycott et les pol\u00e9miques arbitrales, le match a bien eu lieu au stade La Cartuja. Hansi Flick, priv\u00e9 de Lewandowski, optait pour un trio offensif Lamine Yamal, Raphinha et Ferran Torres. En face, Carlo Ancelotti, avec Mbapp\u00e9 sur le banc, remettait en place son 4-3-1-2 classique, misant sur Bellingham, Vinicius Jr et Rodrygo.<\/p>\n<\/div>\n<\/div>\n<p><h2>Un Cl\u00e1sico sous haute tension<\/h2>\n<\/p>\n<p>D\u00e8s l&rsquo;entame, la domination catalane \u00e9tait totale. Inspir\u00e9, Lamine Yamal dynamitait la d\u00e9fense adverse, tandis que Pedri imposait sa ma\u00eetrise technique. Seules deux parades magistrales de Courtois (19e, 21e) retardaient l&rsquo;\u00e9ch\u00e9ance. Mais \u00e0 la 28e minute, Pedri faisait justice : sur un service lumineux de Yamal, il envoyait une frappe en lucarne pour l&rsquo;ouverture du score (1-0). Le Real Madrid, nerveux et f\u00e9brile, \u00e9chappait m\u00eame \u00e0 un carton rouge pour Tchouameni, coupable d&rsquo;un geste dangereux sur Dani Olmo.<\/p>\n<p><h3>Le r\u00e9veil madril\u00e8ne men\u00e9 par Mbapp\u00e9<\/h3>\n<\/p>\n<p>Conscient de la d\u00e9b\u00e2cle, Ancelotti lan\u00e7ait Kylian Mbapp\u00e9 d\u00e8s la reprise, en lieu et place de Rodrygo. Le changement fut imm\u00e9diat. Le Fran\u00e7ais imposait sa puissance, lib\u00e9rant des espaces pour Vinicius, sans succ\u00e8s imm\u00e9diat. Mais \u00e0 la 70e minute, Mbapp\u00e9 \u00e9galisait d\u2019un magnifique coup franc, son tout premier en carri\u00e8re, laissant Szczesny sans r\u00e9action.<\/p>\n<blockquote class=\"twitter-tweet\"><p><a href=\"https:\/\/twitter.com\/lachainelequipe\/status\/1916244672210489703\"><\/a><\/p><\/blockquote>\n<p>Dans la foul\u00e9e, Aur\u00e9lien Tchouameni pla\u00e7ait le Real en t\u00eate gr\u00e2ce \u00e0 une t\u00eate puissante sur un corner millim\u00e9tr\u00e9 d\u2019Arda G\u00fcler (2-1, 78e). Entr\u00e9 avec Modric, le jeune Turc se montrait d\u00e9cisif. On pensait alors Madrid en route vers la victoire.<\/p>\n<p>Mais Ferran Torres, bien servi par un Lamine Yamal exceptionnel, surgissait \u00e0 la 85e minute pour pousser le ballon dans le but vide et forcer la prolongation (2-2). Un penalty en faveur du Bar\u00e7a, annul\u00e9 par le VAR \u00e0 la 90e+6, maintenait le suspense.<\/p>\n<p><h3>Kound\u00e9 offre le troph\u00e9e au Bar\u00e7a<\/h3>\n<\/p>\n<p>La prolongation, beaucoup moins rythm\u00e9e, basculait finalement \u00e0 la 115e minute. Jules Kound\u00e9, en embuscade apr\u00e8s une relance rat\u00e9e de Modric, pla\u00e7ait une frappe s\u00e8che au ras du poteau pour donner l&rsquo;avantage d\u00e9finitif au Bar\u00e7a (3-2). Malgr\u00e9 la pression madril\u00e8ne en fin de match, Barcelone tenait bon et soulevait la Coupe du Roi.<\/p>\n<blockquote class=\"twitter-tweet\"><p><a href=\"https:\/\/twitter.com\/lachainelequipe\/status\/1916261029840892412\"><\/a><\/p><\/blockquote>\n<p>Le Real Madrid, lui, voit ses espoirs de troph\u00e9e s&rsquo;envoler pour cette saison.<\/p>\n","protected":false},"excerpt":{"rendered":"<p>La finale de la Coupe du Roi opposant le FC Barcelone au Real Madrid, samedi soir \u00e0 S\u00e9ville, a tenu toutes ses promesses. Malgr\u00e9 les menaces madril\u00e8nes de boycott et les pol\u00e9miques arbitrales, le match a bien eu lieu au stade La Cartuja. Hansi Flick, priv\u00e9 de Lewandowski, optait pour un trio offensif Lamine Yamal, [&hellip;]<\/p>\n","protected":false},"author":1,"featured_media":0,"comment_status":"open","ping_status":"open","sticky":false,"template":"","format":"standard","meta":{"_acf_changed":false,"_seopress_robots_primary_cat":"","_seopress_titles_title":"Coupe du Roi : Le Bar\u00e7a s\u2019offre le titre face au Real","_seopress_titles_desc":"Le FC Barcelone a renvers\u00e9 un Real Madrid combatif dans une finale de Coupe du Roi pleine de rebondissements. D\u00e9couvrez comment le Bar\u00e7a a fait !","_seopress_robots_index":"","footnotes":""},"categories":[1],"tags":[],"class_list":["post-5971","post","type-post","status-publish","format-standard","hentry","category-football"],"acf":[],"_links":{"self":[{"href":"https:\/\/mvz-sports.com\/fr\/wp-json\/wp\/v2\/posts\/5971","targetHints":{"allow":["GET"]}}],"collection":[{"href":"https:\/\/mvz-sports.com\/fr\/wp-json\/wp\/v2\/posts"}],"about":[{"href":"https:\/\/mvz-sports.com\/fr\/wp-json\/wp\/v2\/types\/post"}],"author":[{"embeddable":true,"href":"https:\/\/mvz-sports.com\/fr\/wp-json\/wp\/v2\/users\/1"}],"replies":[{"embeddable":true,"href":"https:\/\/mvz-sports.com\/fr\/wp-json\/wp\/v2\/comments?post=5971"}],"version-history":[{"count":0,"href":"https:\/\/mvz-sports.com\/fr\/wp-json\/wp\/v2\/posts\/5971\/revisions"}],"wp:attachment":[{"href":"https:\/\/mvz-sports.com\/fr\/wp-json\/wp\/v2\/media?parent=5971"}],"wp:term":[{"taxonomy":"category","embeddable":true,"href":"https:\/\/mvz-sports.com\/fr\/wp-json\/wp\/v2\/categories?post=5971"},{"taxonomy":"post_tag","embeddable":true,"href":"https:\/\/mvz-sports.com\/fr\/wp-json\/wp\/v2\/tags?post=5971"}],"curies":[{"name":"wp","href":"https:\/\/api.w.org\/{rel}","templated":true}]}}