{"id":5993,"date":"2025-05-02T14:44:00","date_gmt":"2025-05-02T14:44:00","guid":{"rendered":"https:\/\/mvz-sports.com\/fr\/football\/news\/fr-football-news-habib-beye-prolonge-a-rennes-la-stabilite-apres-la-tempete"},"modified":"2025-11-28T10:03:26","modified_gmt":"2025-11-28T10:03:26","slug":"habib-beye-prolonge-a-rennes-la-stabilite-apres-la-tempete","status":"publish","type":"post","link":"https:\/\/mvz-sports.com\/fr\/football\/news\/habib-beye-prolonge-a-rennes-la-stabilite-apres-la-tempete","title":{"rendered":"Habib Beye prolong\u00e9 \u00e0 Rennes : la stabilit\u00e9 apr\u00e8s la temp\u00eate !"},"content":{"rendered":"<div class=\"column column-2\">\n<div><\/div>\n<div>\n<p>C\u2019est d\u00e9sormais officiel : <strong>Habib Beye est prolong\u00e9 automatiquement jusqu\u2019en juin 2026<\/strong> \u00e0 la t\u00eate du <a href=\"https:\/\/mvz-sports.com\/fr\/football\/teams\/stade-rennais\">Stade Rennais<\/a>. Une clause activ\u00e9e par le maintien du club en <a href=\"https:\/\/mvz-sports.com\/fr\/football\/competitions\/ligue-1\">Ligue 1<\/a>, validant ainsi la premi\u00e8re exp\u00e9rience de Beye \u00e0 la t\u00eate d\u2019un club de ce calibre. Un d\u00e9fi relev\u00e9, apr\u00e8s une saison chaotique marqu\u00e9e par trois changements d&rsquo;entra\u00eeneurs.<\/p>\n<\/div>\n<\/div>\n<p><h2>Une clause activ\u00e9e par le maintien<\/h2>\n<\/p>\n<p>L\u2019annonce a \u00e9t\u00e9 faite par Beye lui-m\u00eame : \u00ab <strong>prolong\u00e9 automatiquement jusqu\u2019en juin 2026<\/strong> \u00bb. Cette prolongation \u00e9tait conditionn\u00e9e au maintien du club, objectif atteint \u00e0 trois journ\u00e9es de la fin. Rennes pointe actuellement \u00e0 la 11\u1d49 place, bien loin de la zone rouge, une position inesp\u00e9r\u00e9e au moment de sa nomination.<\/p>\n<blockquote class=\"twitter-tweet\"><p><a href=\"https:\/\/twitter.com\/_BeFootball\/status\/1918312637848535324\"><\/a><\/p><\/blockquote>\n<p>Beye, qui avait jusque-l\u00e0 offici\u00e9 au Red Star (National) et comme consultant sur Canal+, a d\u00e9barqu\u00e9 en pleine urgence, en remplacement de <strong>Jorge Sampaoli<\/strong>, limog\u00e9 apr\u00e8s une s\u00e9rie noire. Son arriv\u00e9e a co\u00efncid\u00e9 avec un redressement net, tant dans les r\u00e9sultats que dans l\u2019attitude collective.<\/p>\n<p><h3>Rennes a trouv\u00e9 son homme fort<\/h3>\n<\/p>\n<p>Le Stade Rennais a connu une saison instable, marqu\u00e9e par <strong>trois changements d&rsquo;entra\u00eeneur<\/strong>. Cette instabilit\u00e9 semblait le condamner \u00e0 une lutte acharn\u00e9e pour le maintien. Mais avec Beye, le club a retrouv\u00e9 une assise tactique, une discipline d\u00e9fensive, et surtout un vestiaire mobilis\u00e9.<\/p>\n<p>En quelques semaines, l&rsquo;ancien international s\u00e9n\u00e9galais a su imposer sa patte : rigueur, exigence, communication claire. <strong>Il a relev\u00e9 son premier gros d\u00e9fi dans l&rsquo;\u00e9lite<\/strong>, avec autorit\u00e9 et calme. Son exp\u00e9rience m\u00e9diatique l\u2019a sans doute aid\u00e9 \u00e0 g\u00e9rer la pression dans un contexte bouillant.<\/p>\n","protected":false},"excerpt":{"rendered":"<p>C\u2019est d\u00e9sormais officiel : Habib Beye est prolong\u00e9 automatiquement jusqu\u2019en juin 2026 \u00e0 la t\u00eate du Stade Rennais. Une clause activ\u00e9e par le maintien du club en Ligue 1, validant ainsi la premi\u00e8re exp\u00e9rience de Beye \u00e0 la t\u00eate d\u2019un club de ce calibre. Un d\u00e9fi relev\u00e9, apr\u00e8s une saison chaotique marqu\u00e9e par trois changements [&hellip;]<\/p>\n","protected":false},"author":1,"featured_media":0,"comment_status":"open","ping_status":"open","sticky":false,"template":"","format":"standard","meta":{"_acf_changed":false,"_seopress_robots_primary_cat":"","_seopress_titles_title":"Rennes prolonge Habib Beye jusqu'en 2026 !","_seopress_titles_desc":"Habib Beye reste \u00e0 Rennes jusqu'en 2026 gr\u00e2ce \u00e0 une clause automatique. Apr\u00e8s avoir stabilis\u00e9 le club, l'ex-consultant est pr\u00eat \u00e0 construire sur du solide.","_seopress_robots_index":"","footnotes":""},"categories":[1],"tags":[],"class_list":["post-5993","post","type-post","status-publish","format-standard","hentry","category-football"],"acf":[],"_links":{"self":[{"href":"https:\/\/mvz-sports.com\/fr\/wp-json\/wp\/v2\/posts\/5993","targetHints":{"allow":["GET"]}}],"collection":[{"href":"https:\/\/mvz-sports.com\/fr\/wp-json\/wp\/v2\/posts"}],"about":[{"href":"https:\/\/mvz-sports.com\/fr\/wp-json\/wp\/v2\/types\/post"}],"author":[{"embeddable":true,"href":"https:\/\/mvz-sports.com\/fr\/wp-json\/wp\/v2\/users\/1"}],"replies":[{"embeddable":true,"href":"https:\/\/mvz-sports.com\/fr\/wp-json\/wp\/v2\/comments?post=5993"}],"version-history":[{"count":0,"href":"https:\/\/mvz-sports.com\/fr\/wp-json\/wp\/v2\/posts\/5993\/revisions"}],"wp:attachment":[{"href":"https:\/\/mvz-sports.com\/fr\/wp-json\/wp\/v2\/media?parent=5993"}],"wp:term":[{"taxonomy":"category","embeddable":true,"href":"https:\/\/mvz-sports.com\/fr\/wp-json\/wp\/v2\/categories?post=5993"},{"taxonomy":"post_tag","embeddable":true,"href":"https:\/\/mvz-sports.com\/fr\/wp-json\/wp\/v2\/tags?post=5993"}],"curies":[{"name":"wp","href":"https:\/\/api.w.org\/{rel}","templated":true}]}}