{"id":5996,"date":"2025-05-04T09:30:00","date_gmt":"2025-05-04T09:30:00","guid":{"rendered":"https:\/\/mvz-sports.com\/fr\/football\/news\/fr-mma-news-ufc-315-benoit-saint-denis-sans-adversaire-mauricio-ruffy-le-call-out"},"modified":"2025-11-28T10:03:26","modified_gmt":"2025-11-28T10:03:26","slug":"ufc-315-benoit-saint-denis-sans-adversaire-mauricio-ruffy-le-call-out","status":"publish","type":"post","link":"https:\/\/mvz-sports.com\/fr\/mma\/news\/ufc-315-benoit-saint-denis-sans-adversaire-mauricio-ruffy-le-call-out","title":{"rendered":"UFC 315 : Beno\u00eet Saint Denis sans adversaire, Mauricio Ruffy le call out"},"content":{"rendered":"<div class=\"column column-2\">\n<div><\/div>\n<div>\n<p>La mauvaise nouvelle tombe \u00e0 une semaine de l\u2019UFC 315 : Joel Alvarez, l\u2019adversaire initial de Beno\u00eet Saint Denis, serait forfait. Selon <a href=\"https:\/\/lasueur.com\/benoit-saint-denis-adversaire-forfait-ufc-315-04-05-2025\"><strong>La Sueur<\/strong><\/a>, l\u2019Espagnol ne serait pas en \u00e9tat de combattre samedi soir \u00e0 Montr\u00e9al. Le timing est critique. \u00c0 six jours de l\u2019\u00e9ch\u00e9ance, l\u2019<a href=\"https:\/\/mvz-sports.com\/fr\/mma\/organizations\/ufc\">UFC<\/a> n\u2019a toujours pas officialis\u00e9 ce retrait ni annonc\u00e9 de rempla\u00e7ant.<\/p>\n<\/div>\n<\/div>\n<p><h2>Un forfait non confirm\u00e9 mais d\u00e9j\u00e0 contourn\u00e9<\/h2>\n<\/p>\n<p>Malgr\u00e9 l\u2019absence de confirmation officielle, les rumeurs s\u2019intensifient. En coulisses, certains s\u2019activent d\u00e9j\u00e0. Le Br\u00e9silien <strong>Mauricio Ruffy<\/strong>, invaincu dans l\u2019organisation avec trois victoires cons\u00e9cutives, n\u2019a pas tard\u00e9 \u00e0 se positionner. \u00ab\u00a0Hey, UFC! Que diriez-vous d\u2019un combat principal lors d\u2019un Fight Night contre Saint Denis ?\u00a0\u00bb, a-t-il lanc\u00e9 sur ses r\u00e9seaux.<\/p>\n<blockquote class=\"twitter-tweet\"><p><a href=\"https:\/\/twitter.com\/LaSueur_off\/status\/1918874316466274334\"><\/a><\/p><\/blockquote>\n<p>La proposition a du sens : organiser un combat en t\u00eate d\u2019affiche lors d\u2019un <strong>Fight Night<\/strong>, plut\u00f4t que de bricoler une opposition \u00e0 la h\u00e2te pour l\u2019UFC 315. Cela permettrait de pr\u00e9server l\u2019int\u00e9grit\u00e9 sportive du duel, et d\u2019\u00e9viter un adversaire choisi au pied lev\u00e9.<\/p>\n<p><h3>Un enjeu capital pour BSD<\/h3>\n<\/p>\n<p>Pour Beno\u00eet Saint Denis, l\u2019enjeu est majeur. Restant sur deux d\u00e9faites face \u00e0 <a href=\"https:\/\/mvz-sports.com\/fr\/mma\/fighters\/dustin-poirier\"><strong>Dustin Poirier<\/strong><\/a> et <strong>Renato Moicano<\/strong>, le Fran\u00e7ais a besoin de frapper fort pour rester dans le top 15 des poids l\u00e9gers. Class\u00e9 13e, \u00ab\u00a0God of War\u00a0\u00bb devait initialement affronter Joel Alvarez, 15e. Ce combat devait \u00eatre un tournant pour se replacer dans la course au titre d\u00e9tenu par <a href=\"https:\/\/mvz-sports.com\/fr\/mma\/fighters\/islam-makhachev\"><strong>Islam Makhachev<\/strong><\/a>.<\/p>\n<p>Sans adversaire officiel, le Fran\u00e7ais se retrouve dans une situation d\u00e9licate : accepter un combat improvis\u00e9 \u00e0 ses risques, ou patienter pour un \u00e9v\u00e9nement futur mieux calibr\u00e9.<\/p>\n<p><h3>Manon Fiorot, autre espoir fran\u00e7ais<\/h3>\n<\/p>\n<p>Dans le m\u00eame \u00e9v\u00e9nement \u00e0 Montr\u00e9al, <a href=\"https:\/\/mvz-sports.com\/fr\/mma\/fighters\/manon-fiorot\"><strong>Manon Fiorot<\/strong><\/a> s\u2019appr\u00eate \u00e0 d\u00e9fier <strong>Valentina Shevchenko<\/strong> pour la ceinture des moins de 57 kg. Une victoire ferait d\u2019elle la <strong>premi\u00e8re Fran\u00e7aise championne UFC<\/strong>. Jusqu\u2019ici, seuls <a href=\"https:\/\/mvz-sports.com\/fr\/mma\/fighters\/ciryl-gane\"><strong>Ciryl Gane<\/strong><\/a> a eu deux occasions, sans succ\u00e8s : contre <a href=\"https:\/\/mvz-sports.com\/fr\/mma\/fighters\/francis-ngannou\"><strong>Francis Ngannou<\/strong><\/a> en 2022 et <a href=\"https:\/\/mvz-sports.com\/fr\/mma\/fighters\/jon-jones\"><strong>Jon Jones<\/strong><\/a> en 2023.<\/p>\n","protected":false},"excerpt":{"rendered":"<p>La mauvaise nouvelle tombe \u00e0 une semaine de l\u2019UFC 315 : Joel Alvarez, l\u2019adversaire initial de Beno\u00eet Saint Denis, serait forfait. Selon La Sueur, l\u2019Espagnol ne serait pas en \u00e9tat de combattre samedi soir \u00e0 Montr\u00e9al. Le timing est critique. \u00c0 six jours de l\u2019\u00e9ch\u00e9ance, l\u2019UFC n\u2019a toujours pas officialis\u00e9 ce retrait ni annonc\u00e9 de [&hellip;]<\/p>\n","protected":false},"author":1,"featured_media":0,"comment_status":"open","ping_status":"open","sticky":false,"template":"","format":"standard","meta":{"_acf_changed":false,"_seopress_robots_primary_cat":"","_seopress_titles_title":"UFC 315 : Beno\u00eet Saint Denis call out par Mauricio Ruffy","_seopress_titles_desc":"\u00c0 quelques jours de l\u2019UFC 315, Joel Alvarez serait forfait. Qui pour affronter Beno\u00eet Saint Denis ? Un sc\u00e9nario \u00e0 rebondissements s\u2019\u00e9crit en coulisses.","_seopress_robots_index":"","footnotes":""},"categories":[9],"tags":[],"class_list":["post-5996","post","type-post","status-publish","format-standard","hentry","category-mma"],"acf":[],"_links":{"self":[{"href":"https:\/\/mvz-sports.com\/fr\/wp-json\/wp\/v2\/posts\/5996","targetHints":{"allow":["GET"]}}],"collection":[{"href":"https:\/\/mvz-sports.com\/fr\/wp-json\/wp\/v2\/posts"}],"about":[{"href":"https:\/\/mvz-sports.com\/fr\/wp-json\/wp\/v2\/types\/post"}],"author":[{"embeddable":true,"href":"https:\/\/mvz-sports.com\/fr\/wp-json\/wp\/v2\/users\/1"}],"replies":[{"embeddable":true,"href":"https:\/\/mvz-sports.com\/fr\/wp-json\/wp\/v2\/comments?post=5996"}],"version-history":[{"count":0,"href":"https:\/\/mvz-sports.com\/fr\/wp-json\/wp\/v2\/posts\/5996\/revisions"}],"wp:attachment":[{"href":"https:\/\/mvz-sports.com\/fr\/wp-json\/wp\/v2\/media?parent=5996"}],"wp:term":[{"taxonomy":"category","embeddable":true,"href":"https:\/\/mvz-sports.com\/fr\/wp-json\/wp\/v2\/categories?post=5996"},{"taxonomy":"post_tag","embeddable":true,"href":"https:\/\/mvz-sports.com\/fr\/wp-json\/wp\/v2\/tags?post=5996"}],"curies":[{"name":"wp","href":"https:\/\/api.w.org\/{rel}","templated":true}]}}