{"id":5998,"date":"2025-05-04T17:55:00","date_gmt":"2025-05-04T17:55:00","guid":{"rendered":"https:\/\/mvz-sports.com\/fr\/football\/news\/fr-mma-news-ufc-315-mateusz-rebecki-veut-affronter-benoit-saint-denis-en-short-notice"},"modified":"2025-11-28T10:03:26","modified_gmt":"2025-11-28T10:03:26","slug":"ufc-315-mateusz-rebecki-veut-affronter-benoit-saint-denis-en-short-notice","status":"publish","type":"post","link":"https:\/\/mvz-sports.com\/fr\/mma\/news\/ufc-315-mateusz-rebecki-veut-affronter-benoit-saint-denis-en-short-notice","title":{"rendered":"UFC 315 : Mateusz Rebecki veut affronter Beno\u00eet Saint Denis en short notice"},"content":{"rendered":"<div class=\"column column-2\">\n<div><\/div>\n<div>\n<p>Le combat tant attendu entre <a href=\"https:\/\/mvz-sports.com\/fr\/mma\/fighters\/benoit-saint-denis\">Beno\u00eet Saint Denis<\/a> et Joel Alvarez \u00e0 l\u2019UFC 315 semble compromis. \u00c0 quelques jours de l\u2019\u00e9v\u00e9nement pr\u00e9vu le 10 mai \u00e0 Montr\u00e9al, la nouvelle a fuit\u00e9 : l\u2019Espagnol serait bless\u00e9 et incapable de monter dans la cage. Une information r\u00e9v\u00e9l\u00e9e par _La Sueur_, qui met en lumi\u00e8re l\u2019urgence de la situation : \u201cJoel Alvarez, l\u2019adversaire initial de Beno\u00eet Saint Denis, serait forfait.\u201d<\/p>\n<\/div>\n<\/div>\n<p>Mais l\u2019UFC pourrait ne pas rester longtemps sans solution. <a href=\"https:\/\/mvz-sports.com\/fr\/mma\/fighters\/mateusz-rebecki\">Mateusz Rebecki<\/a>, solide lightweight polonais au palmar\u00e8s impressionnant (20 victoires pour 2 d\u00e9faites), a imm\u00e9diatement propos\u00e9 ses services. Dans un message clair, il s\u2019est positionn\u00e9 pour remplacer Alvarez face au Fran\u00e7ais. L\u2019UFC n\u2019a pas encore officialis\u00e9 ce changement, mais le timing est serr\u00e9 et la pression monte.<\/p>\n<p><h2>Rebecki, une menace s\u00e9rieuse pour le \u00ab\u00a0God of War\u00a0\u00bb<\/h2>\n<\/p>\n<p>Rebecki n\u2019est pas un inconnu pour les fans attentifs. Ancien champion du FEN, il est sur une s\u00e9rie de 15 victoires cons\u00e9cutives, dont plusieurs finishes impressionnants \u00e0 l\u2019UFC. Puissant, explosif, et dot\u00e9 d\u2019un grappling redoutable, il repr\u00e9sente un test de taille pour Saint Denis.<\/p>\n<blockquote class=\"twitter-tweet\"><p><a href=\"https:\/\/twitter.com\/LaSueur_off\/status\/1919072909013692512\"><\/a><\/p><\/blockquote>\n<p>Ce dernier, en pleine ascension dans la cat\u00e9gorie lightweight, devait initialement affronter un striker technique avec Alvarez. Avec Rebecki, c\u2019est un tout autre profil : plus compact, plus agressif, et surtout, pr\u00eat \u00e0 prendre un combat en short notice \u2014 un signe de confiance et de pr\u00e9paration constante.<\/p>\n<p><h3>Deux pr\u00e9tendants, un m\u00eame objectif : gravir les rangs<\/h3>\n<\/p>\n<p>Ce n\u2019est pas la premi\u00e8re fois qu\u2019un nom sort pour remplacer Alvarez. <a href=\"https:\/\/mvz-sports.com\/fr\/mma\/news\/ufc-315-benoit-saint-denis-sans-adversaire-mauricio-ruffy-le-call-out\">Mauricio Ruffy, autre pr\u00e9tendant ambitieux<\/a>, s\u2019\u00e9tait \u00e9galement d\u00e9clar\u00e9 int\u00e9ress\u00e9. Mais Rebecki semble plus l\u00e9gitime aux yeux des fans et de l\u2019<a href=\"https:\/\/mvz-sports.com\/fr\/mma\/organizations\/ufc\">UFC<\/a>, gr\u00e2ce \u00e0 son exp\u00e9rience dans l\u2019organisation et son classement potentiel.<\/p>\n<p>La balle est d\u00e9sormais dans le camp de l\u2019UFC. Le combat est pr\u00e9vu dans moins d\u2019une semaine. Chaque heure compte pour valider les tests m\u00e9dicaux, les visas et les aspects contractuels. Rebecki a clairement lanc\u00e9 le d\u00e9fi, reste \u00e0 savoir si Saint Denis et l\u2019UFC r\u00e9pondront pr\u00e9sents.<\/p>\n","protected":false},"excerpt":{"rendered":"<p>Le combat tant attendu entre Beno\u00eet Saint Denis et Joel Alvarez \u00e0 l\u2019UFC 315 semble compromis. \u00c0 quelques jours de l\u2019\u00e9v\u00e9nement pr\u00e9vu le 10 mai \u00e0 Montr\u00e9al, la nouvelle a fuit\u00e9 : l\u2019Espagnol serait bless\u00e9 et incapable de monter dans la cage. Une information r\u00e9v\u00e9l\u00e9e par _La Sueur_, qui met en lumi\u00e8re l\u2019urgence de la [&hellip;]<\/p>\n","protected":false},"author":1,"featured_media":0,"comment_status":"open","ping_status":"open","sticky":false,"template":"","format":"standard","meta":{"_acf_changed":false,"_seopress_robots_primary_cat":"","_seopress_titles_title":"UFC 315 : Mateusz Rebecki call out Beno\u00eet Saint Denis","_seopress_titles_desc":"Le Polonais Mateusz Rebecki propose de remplacer Joel Alvarez, forfait contre Beno\u00eet Saint Denis \u00e0 l\u2019UFC 315. Une nouvelle affiche explosive en vue ?","_seopress_robots_index":"","footnotes":""},"categories":[9],"tags":[],"class_list":["post-5998","post","type-post","status-publish","format-standard","hentry","category-mma"],"acf":[],"_links":{"self":[{"href":"https:\/\/mvz-sports.com\/fr\/wp-json\/wp\/v2\/posts\/5998","targetHints":{"allow":["GET"]}}],"collection":[{"href":"https:\/\/mvz-sports.com\/fr\/wp-json\/wp\/v2\/posts"}],"about":[{"href":"https:\/\/mvz-sports.com\/fr\/wp-json\/wp\/v2\/types\/post"}],"author":[{"embeddable":true,"href":"https:\/\/mvz-sports.com\/fr\/wp-json\/wp\/v2\/users\/1"}],"replies":[{"embeddable":true,"href":"https:\/\/mvz-sports.com\/fr\/wp-json\/wp\/v2\/comments?post=5998"}],"version-history":[{"count":0,"href":"https:\/\/mvz-sports.com\/fr\/wp-json\/wp\/v2\/posts\/5998\/revisions"}],"wp:attachment":[{"href":"https:\/\/mvz-sports.com\/fr\/wp-json\/wp\/v2\/media?parent=5998"}],"wp:term":[{"taxonomy":"category","embeddable":true,"href":"https:\/\/mvz-sports.com\/fr\/wp-json\/wp\/v2\/categories?post=5998"},{"taxonomy":"post_tag","embeddable":true,"href":"https:\/\/mvz-sports.com\/fr\/wp-json\/wp\/v2\/tags?post=5998"}],"curies":[{"name":"wp","href":"https:\/\/api.w.org\/{rel}","templated":true}]}}