{"id":6017,"date":"2025-05-24T20:48:00","date_gmt":"2025-05-24T20:48:00","guid":{"rendered":"https:\/\/mvz-sports.com\/fr\/football\/news\/fr-mma-news-hexagone-mma-paul-dena-demarre-sa-carriere-pro-par-un-finish-maitrise-a-bordeaux"},"modified":"2025-11-28T10:03:25","modified_gmt":"2025-11-28T10:03:25","slug":"hexagone-mma-paul-dena-demarre-sa-carriere-pro-par-un-finish-maitrise-a-bordeaux","status":"publish","type":"post","link":"https:\/\/mvz-sports.com\/fr\/mma\/news\/hexagone-mma-paul-dena-demarre-sa-carriere-pro-par-un-finish-maitrise-a-bordeaux","title":{"rendered":"Hexagone MMA : Paul Dena d\u00e9marre sa carri\u00e8re pro par un finish ma\u00eetris\u00e9 \u00e0 Bordeaux"},"content":{"rendered":"<div class=\"column column-2\">\n<div><\/div>\n<div>\n<p>Il devait d\u00e9buter \u00e0 Lille, il a triomph\u00e9 \u00e0 Bordeaux. Le Fran\u00e7ais <a href=\"https:\/\/mvz-sports.com\/fr\/mma\/fighters\/paul-denis-navero\">Paul Dena<\/a>, jeune espoir du MMA hexagonal, a remport\u00e9 son premier combat professionnel le samedi 24 mai \u00e0 l\u2019Arkea Arena, dans le cadre de l\u2019Hexagone MMA. Un sc\u00e9nario renversant, dans tous les sens du terme.<\/p>\n<\/div>\n<\/div>\n<blockquote class=\"twitter-tweet\"><p><a href=\"https:\/\/twitter.com\/RMCSportCombat\/status\/1926378029409828914\"><\/a><\/p><\/blockquote>\n<p><h2>Un d\u00e9but report\u00e9, une mont\u00e9e en tension<\/h2>\n<\/p>\n<p>Initialement pr\u00e9vu pour combattre le 25 avril au Z\u00e9nith de Lille, Dena a vu ses d\u00e9buts report\u00e9s \u00e0 la derni\u00e8re minute en raison d\u2019un probl\u00e8me de visa de son adversaire, le Marocain Sabir Talmoust. Une annonce tomb\u00e9e comme un couperet, que le jeune Breton a partag\u00e9e avec ses fans sur Instagram :<\/p>\n<p><strong>\u00ab\u00a0Les gars, je suis compl\u00e8tement vert depuis ce matin. [\u2026] Je n\u2019ai plus d\u2019adversaire. Il a eu un probl\u00e8me de visa.\u00a0\u00bb<\/strong><\/p>\n<p>Malgr\u00e9 une tentative express de trouver un rempla\u00e7ant, aucune solution n&rsquo;a \u00e9t\u00e9 trouv\u00e9e. Un coup dur pour Dena\u2026 mais pas un KO.<\/p>\n<p><h3>Bordeaux comme th\u00e9\u00e2tre de la revanche mentale<\/h3>\n<\/p>\n<p>Quatre semaines plus tard, tout \u00e9tait en place \u00e0 Bordeaux. M\u00eame adversaire, m\u00eame objectif, mais des conditions diff\u00e9rentes. L\u2019Arkea Arena a offert \u00e0 Dena un cadre id\u00e9al pour ses grands d\u00e9buts. Et il n\u2019a pas manqu\u00e9 son rendez-vous.<\/p>\n<p>D\u00e8s le premier round, Paul Dena montre une volont\u00e9 de conclure rapidement. Il verrouille un \u00e9tranglement arri\u00e8re parfaitement ex\u00e9cut\u00e9. Le Marocain r\u00e9siste, prouvant une solidit\u00e9 mentale et physique impressionnante.<\/p>\n<p>Mais ce refus de c\u00e9der a un prix : il y laisse son \u00e9nergie.<\/p>\n<p><h3>Une fin de combat implacable<\/h3>\n<\/p>\n<p>Au deuxi\u00e8me round, le sc\u00e9nario bascule. Sabir Talmoust revient sans souffle. Il l\u00e8ve m\u00eame les bras pour signaler son impuissance. Paul Dena n\u2019h\u00e9site pas : il envoie deux ou trois frappes nettes, juste ce qu\u2019il faut pour que l\u2019arbitre mette fin au combat.<\/p>\n<p>Victoire par TKO, et une premi\u00e8re page \u00e9crite avec autorit\u00e9.<\/p>\n","protected":false},"excerpt":{"rendered":"<p>Il devait d\u00e9buter \u00e0 Lille, il a triomph\u00e9 \u00e0 Bordeaux. Le Fran\u00e7ais Paul Dena, jeune espoir du MMA hexagonal, a remport\u00e9 son premier combat professionnel le samedi 24 mai \u00e0 l\u2019Arkea Arena, dans le cadre de l\u2019Hexagone MMA. Un sc\u00e9nario renversant, dans tous les sens du terme. Un d\u00e9but report\u00e9, une mont\u00e9e en tension Initialement [&hellip;]<\/p>\n","protected":false},"author":1,"featured_media":0,"comment_status":"open","ping_status":"open","sticky":false,"template":"","format":"standard","meta":{"_acf_changed":false,"_seopress_robots_primary_cat":"","_seopress_titles_title":"Paul Dena : une premi\u00e8re victoire pro foudroyante \u00e0 Bordeaux","_seopress_titles_desc":"Apr\u00e8s un faux d\u00e9part \u00e0 Lille, Paul Dena a enfin fait ses d\u00e9buts pro le 24 mai \u00e0 Bordeaux. D\u00e9couvrez comment il a marqu\u00e9 les esprits !","_seopress_robots_index":"","footnotes":""},"categories":[9],"tags":[],"class_list":["post-6017","post","type-post","status-publish","format-standard","hentry","category-mma"],"acf":[],"_links":{"self":[{"href":"https:\/\/mvz-sports.com\/fr\/wp-json\/wp\/v2\/posts\/6017","targetHints":{"allow":["GET"]}}],"collection":[{"href":"https:\/\/mvz-sports.com\/fr\/wp-json\/wp\/v2\/posts"}],"about":[{"href":"https:\/\/mvz-sports.com\/fr\/wp-json\/wp\/v2\/types\/post"}],"author":[{"embeddable":true,"href":"https:\/\/mvz-sports.com\/fr\/wp-json\/wp\/v2\/users\/1"}],"replies":[{"embeddable":true,"href":"https:\/\/mvz-sports.com\/fr\/wp-json\/wp\/v2\/comments?post=6017"}],"version-history":[{"count":0,"href":"https:\/\/mvz-sports.com\/fr\/wp-json\/wp\/v2\/posts\/6017\/revisions"}],"wp:attachment":[{"href":"https:\/\/mvz-sports.com\/fr\/wp-json\/wp\/v2\/media?parent=6017"}],"wp:term":[{"taxonomy":"category","embeddable":true,"href":"https:\/\/mvz-sports.com\/fr\/wp-json\/wp\/v2\/categories?post=6017"},{"taxonomy":"post_tag","embeddable":true,"href":"https:\/\/mvz-sports.com\/fr\/wp-json\/wp\/v2\/tags?post=6017"}],"curies":[{"name":"wp","href":"https:\/\/api.w.org\/{rel}","templated":true}]}}