{"id":6066,"date":"2025-08-18T12:07:00","date_gmt":"2025-08-18T12:07:00","guid":{"rendered":"https:\/\/mvz-sports.com\/fr\/football\/news\/fr-football-news-benjamin-pavard-propose-au-barca-un-renfort-inattendu-pour-hansi-flick"},"modified":"2025-11-28T10:03:23","modified_gmt":"2025-11-28T10:03:23","slug":"benjamin-pavard-propose-au-barca-un-renfort-inattendu-pour-hansi-flick","status":"publish","type":"post","link":"https:\/\/mvz-sports.com\/fr\/football\/news\/benjamin-pavard-propose-au-barca-un-renfort-inattendu-pour-hansi-flick","title":{"rendered":"Benjamin Pavard propos\u00e9 au Bar\u00e7a : un renfort inattendu pour Hansi Flick ?"},"content":{"rendered":"<div class=\"column column-2\">\n<div><\/div>\n<div>\n<p>\u00c0 moins de deux semaines de la cl\u00f4ture du mercato estival, le nom de <a href=\"https:\/\/mvz-sports.com\/fr\/football\/players\/benjamin-pavard\"><strong>Benjamin Pavard<\/strong><\/a> refait surface dans les radars des grands clubs europ\u00e9ens. Et cette fois, c\u2019est le <a href=\"https:\/\/mvz-sports.com\/fr\/football\/teams\/fc-barcelone\"><strong>FC Barcelone<\/strong><\/a> qui pourrait relancer la carri\u00e8re du d\u00e9fenseur fran\u00e7ais de 29 ans, actuellement dans une situation floue \u00e0 l\u2019<a href=\"https:\/\/mvz-sports.com\/fr\/football\/teams\/inter-milan\">Inter Milan<\/a>.<\/p>\n<\/div>\n<\/div>\n<p><h2>Pavard sur le d\u00e9part de l\u2019Inter<\/h2>\n<\/p>\n<p>Recrut\u00e9 par l\u2019Inter en provenance du Bayern Munich, <strong>Benjamin Pavard ne semble pas faire partie des plans long terme<\/strong> du club lombard. Malgr\u00e9 des prestations solides, le Fran\u00e7ais n\u2019est pas consid\u00e9r\u00e9 comme un \u00e9l\u00e9ment indispensable, et son d\u00e9part est d\u00e9sormais plus que probable. Galatasaray, Neom et le <a href=\"https:\/\/mvz-sports.com\/fr\/football\/teams\/losc-lille\">LOSC<\/a> ont r\u00e9cemment manifest\u00e9 leur int\u00e9r\u00eat, mais aucun de ces clubs ne semble tenir la corde.<\/p>\n<p><strong>Le joueur a \u00e9t\u00e9 clair : il veut rester en Europe.<\/strong> Le projet saoudien ne l\u2019attire pas, comme l\u2019a r\u00e9v\u00e9l\u00e9 <a href=\"https:\/\/www.footmercato.net\/a2241789700545967801-lille-neom-galatasaray-benjamin-pavard-a-pris-une-decision-pour-son-avenir\">_Foot Mercato_<\/a> ce dimanche. Quant \u00e0 Lille, la piste est s\u00e9duisante sur le papier mais quasi impossible \u00e0 boucler financi\u00e8rement : les exigences salariales de Pavard d\u00e9passent largement les standards du club nordiste.<\/p>\n<p><h3>Une ouverture inattendue au FC Barcelone<\/h3>\n<\/p>\n<p><strong>Selon le quotidien catalan<\/strong> <a href=\"https:\/\/www.sport.es\/es\/noticias\/barca\/ofrecen-benjamin-pavard-barca-120715732\">_<strong>Sport<\/strong>_<\/a><strong>, Benjamin Pavard a \u00e9t\u00e9 propos\u00e9 au FC Barcelone.<\/strong> Un timing parfait pour le club blaugrana, en qu\u00eate de renforts d\u00e9fensifs. L\u2019arriv\u00e9e d\u2019Hansi Flick sur le banc catalan pourrait peser dans la balance : le technicien allemand conna\u00eet bien Pavard pour l\u2019avoir dirig\u00e9 au Bayern, avec succ\u00e8s.<\/p>\n<p>Autre facteur facilitant : <strong>l\u2019agent de Pavard n\u2019est autre que Pini Zahavi<\/strong>, proche du pr\u00e9sident Joan Laporta. Une relation qui permettrait de fluidifier les \u00e9changes entre les diff\u00e9rentes parties.<\/p>\n<p>Cependant, <strong>le Bar\u00e7a ne passera pas \u00e0 l\u2019action dans l\u2019imm\u00e9diat<\/strong>. Avant toute chose, le club catalan doit enregistrer plusieurs recrues en Liga (comme Szczesny ou Bardghji). Le cas Pavard ne sera donc \u00e9tudi\u00e9 que dans les tout derniers jours du mercato, \u00e0 condition qu\u2019il n\u2019ait pas trouv\u00e9 preneur d\u2019ici l\u00e0.<\/p>\n<p><h3>Une affaire \u00e0 suivre de tr\u00e8s pr\u00e8s<\/h3>\n<\/p>\n<p><strong>L\u2019int\u00e9r\u00eat du Bar\u00e7a pour Pavard est r\u00e9el, mais soumis \u00e0 des contraintes administratives et financi\u00e8res.<\/strong> Le profil du joueur, capable de jouer central ou lat\u00e9ral droit, correspond aux besoins de Flick, qui cherche plus de stabilit\u00e9 d\u00e9fensive. Reste \u00e0 savoir si les finances barcelonaises permettront d\u2019absorber le salaire \u00e9lev\u00e9 du Fran\u00e7ais.<\/p>\n","protected":false},"excerpt":{"rendered":"<p>\u00c0 moins de deux semaines de la cl\u00f4ture du mercato estival, le nom de Benjamin Pavard refait surface dans les radars des grands clubs europ\u00e9ens. Et cette fois, c\u2019est le FC Barcelone qui pourrait relancer la carri\u00e8re du d\u00e9fenseur fran\u00e7ais de 29 ans, actuellement dans une situation floue \u00e0 l\u2019Inter Milan. Pavard sur le d\u00e9part [&hellip;]<\/p>\n","protected":false},"author":1,"featured_media":0,"comment_status":"open","ping_status":"open","sticky":false,"template":"","format":"standard","meta":{"_acf_changed":false,"_seopress_robots_primary_cat":"","_seopress_titles_title":"Mercato : Benjamin Pavard propos\u00e9 au Bar\u00e7a","_seopress_titles_desc":"Le FC Barcelone pourrait-il recruter Benjamin Pavard avant la fin du mercato ? Une connexion avec Hansi Flick et un agent influent relancent le dossier\u2026","_seopress_robots_index":"","footnotes":""},"categories":[1],"tags":[],"class_list":["post-6066","post","type-post","status-publish","format-standard","hentry","category-football"],"acf":[],"_links":{"self":[{"href":"https:\/\/mvz-sports.com\/fr\/wp-json\/wp\/v2\/posts\/6066","targetHints":{"allow":["GET"]}}],"collection":[{"href":"https:\/\/mvz-sports.com\/fr\/wp-json\/wp\/v2\/posts"}],"about":[{"href":"https:\/\/mvz-sports.com\/fr\/wp-json\/wp\/v2\/types\/post"}],"author":[{"embeddable":true,"href":"https:\/\/mvz-sports.com\/fr\/wp-json\/wp\/v2\/users\/1"}],"replies":[{"embeddable":true,"href":"https:\/\/mvz-sports.com\/fr\/wp-json\/wp\/v2\/comments?post=6066"}],"version-history":[{"count":0,"href":"https:\/\/mvz-sports.com\/fr\/wp-json\/wp\/v2\/posts\/6066\/revisions"}],"wp:attachment":[{"href":"https:\/\/mvz-sports.com\/fr\/wp-json\/wp\/v2\/media?parent=6066"}],"wp:term":[{"taxonomy":"category","embeddable":true,"href":"https:\/\/mvz-sports.com\/fr\/wp-json\/wp\/v2\/categories?post=6066"},{"taxonomy":"post_tag","embeddable":true,"href":"https:\/\/mvz-sports.com\/fr\/wp-json\/wp\/v2\/tags?post=6066"}],"curies":[{"name":"wp","href":"https:\/\/api.w.org\/{rel}","templated":true}]}}